{"id":15492,"date":"2025-03-21T15:52:37","date_gmt":"2025-03-21T14:52:37","guid":{"rendered":"https:\/\/agora.xtec.cat\/escolalavilapalamos\/?p=15492"},"modified":"2025-03-21T15:52:37","modified_gmt":"2025-03-21T14:52:37","slug":"jornada-de-formacio-aprendre-matematiques","status":"publish","type":"post","link":"https:\/\/agora.xtec.cat\/escolalavilapalamos\/portada\/jornada-de-formacio-aprendre-matematiques\/","title":{"rendered":"JORNADA DE FORMACI\u00d3: APRENDRE MATEM\u00c0TIQUES"},"content":{"rendered":"<p><a href=\"https:\/\/agora.xtec.cat\/escolalavilapalamos\/wp-content\/uploads\/usu897\/2025\/03\/IMG_3024-rotated.jpg\"><img loading=\"lazy\" decoding=\"async\" class=\"size-medium wp-image-15495 aligncenter\" src=\"https:\/\/agora.xtec.cat\/escolalavilapalamos\/wp-content\/uploads\/usu897\/2025\/03\/IMG_3024-225x300.jpg\" alt=\"\" width=\"225\" height=\"300\" srcset=\"https:\/\/agora.xtec.cat\/escolalavilapalamos\/wp-content\/uploads\/usu897\/2025\/03\/IMG_3024-225x300.jpg 225w, https:\/\/agora.xtec.cat\/escolalavilapalamos\/wp-content\/uploads\/usu897\/2025\/03\/IMG_3024-rotated.jpg 480w\" sizes=\"auto, (max-width: 225px) 100vw, 225px\" \/><\/a><\/p>\n<p><span style=\"font-weight: 400;\">El passat dijous,\u00a0 l\u2019equip directiu i de diversitat de l\u2019Escola La Vila vam assistir en una jornada de formaci\u00f3 d\u2019Innovamat on es va parlar de l\u2019aprenentatge de les matem\u00e0tiques. La jornada es va centrar en com garantir que tots els infants puguin participar activament en les diferents activitats matem\u00e0tiques del dia a dia a l\u2019escola.<\/span><\/p>\n<p><span style=\"font-weight: 400;\">Innovamat \u00e9s un m\u00e8tode innovador que t\u00e9 com a objectiu potenciar el raonament matem\u00e0tic a trav\u00e9s d\u2019activitats manipulatives, jocs, situacions contextualitzades i el desenvolupament del pensament cr\u00edtic.\u00a0<\/span><\/p>\n<p><span style=\"font-weight: 400;\">A m\u00e9s de con\u00e8ixer noves eines i estrat\u00e8gies per afavorir una educaci\u00f3 m\u00e9s inclusiva i adaptada a les necessitats de tot l\u2019alumnat, tamb\u00e9 vam tenir l\u2019oportunitat d\u2019intercanviar idees i experi\u00e8ncies amb mestres d\u2019altres centres educatius. Aquest espai de debat ens va permetre compartir diferents punts de vista i aprendre noves maneres d\u2019enriquir la nostra pr\u00e0ctica docent.<\/span><\/p>\n<p><span style=\"font-weight: 400;\">Les activitats riques de terra baix, sostre alt i parets amples son les que volem oferir a l\u2019escola per tal que tot l\u2019alumnat i tingui cabuda.<\/span><\/p>\n<p><a href=\"https:\/\/agora.xtec.cat\/escolalavilapalamos\/wp-content\/uploads\/usu897\/2025\/03\/salonets_universialitat-1.svg\"><img decoding=\"async\" class=\"size-full wp-image-15493 aligncenter\" src=\"https:\/\/agora.xtec.cat\/escolalavilapalamos\/wp-content\/uploads\/usu897\/2025\/03\/salonets_universialitat-1.svg\" alt=\"\" \/><\/a><\/p>\n<p><span style=\"font-weight: 400;\">Des de l\u2019Escola La Vila considerem fonamental apostar per formacions que ens ajudin a cr\u00e9ixer com a docents, ja que aquest tipus de jornades ens permeten avan\u00e7ar cap a una educaci\u00f3 m\u00e9s equitativa i de qualitat per a tots els nostres alumnes.<\/span><\/p>\n<p>Adjuntem la seva p\u00e0gina web per tal que pugueu fer un cop d&#8217;ull al m\u00e8tode.<\/p>\n<p><a href=\"https:\/\/www.innovamat.com\/ca\/families\/\">https:\/\/www.innovamat.com\/ca\/families\/<\/a><\/p>\n","protected":false},"excerpt":{"rendered":"<p><a href=\"https:\/\/agora.xtec.cat\/escolalavilapalamos\/wp-content\/uploads\/usu897\/2025\/03\/IMG_3024-rotated.jpg\"><\/a><br \/>\nEl passat dijous,\u00a0 l\u2019equip directiu i de diversitat de l\u2019Escola La Vila vam assistir en una jornada de formaci\u00f3 d\u2019Innovamat on es va parlar de l\u2019aprenentatge de les matem\u00e0tiques. La jornada es va centrar en com garantir que tots els infants puguin participar activament&hellip;  <a href=\"https:\/\/agora.xtec.cat\/escolalavilapalamos\/portada\/jornada-de-formacio-aprendre-matematiques\/\" title=\"Read JORNADA DE FORMACI\u00d3: APRENDRE MATEM\u00c0TIQUES\">Llegeix m\u00e9s\u00bb<\/a><\/p>\n","protected":false},"author":131,"featured_media":0,"comment_status":"open","ping_status":"closed","sticky":false,"template":"","format":"standard","meta":{"_bbp_topic_count":0,"_bbp_reply_count":0,"_bbp_total_topic_count":0,"_bbp_total_reply_count":0,"_bbp_voice_count":0,"_bbp_anonymous_reply_count":0,"_bbp_topic_count_hidden":0,"_bbp_reply_count_hidden":0,"_bbp_forum_subforum_count":0,"footnotes":""},"categories":[128,127,4,5],"tags":[],"class_list":["post-15492","post","type-post","status-publish","format-standard","hentry","category-comunitat-de-grans","category-comunitat-de-mitjans","category-portada","category-primaria"],"post_mailing_queue_ids":[],"_links":{"self":[{"href":"https:\/\/agora.xtec.cat\/escolalavilapalamos\/wp-json\/wp\/v2\/posts\/15492","targetHints":{"allow":["GET"]}}],"collection":[{"href":"https:\/\/agora.xtec.cat\/escolalavilapalamos\/wp-json\/wp\/v2\/posts"}],"about":[{"href":"https:\/\/agora.xtec.cat\/escolalavilapalamos\/wp-json\/wp\/v2\/types\/post"}],"author":[{"embeddable":true,"href":"https:\/\/agora.xtec.cat\/escolalavilapalamos\/wp-json\/wp\/v2\/users\/131"}],"replies":[{"embeddable":true,"href":"https:\/\/agora.xtec.cat\/escolalavilapalamos\/wp-json\/wp\/v2\/comments?post=15492"}],"version-history":[{"count":3,"href":"https:\/\/agora.xtec.cat\/escolalavilapalamos\/wp-json\/wp\/v2\/posts\/15492\/revisions"}],"predecessor-version":[{"id":15497,"href":"https:\/\/agora.xtec.cat\/escolalavilapalamos\/wp-json\/wp\/v2\/posts\/15492\/revisions\/15497"}],"wp:attachment":[{"href":"https:\/\/agora.xtec.cat\/escolalavilapalamos\/wp-json\/wp\/v2\/media?parent=15492"}],"wp:term":[{"taxonomy":"category","embeddable":true,"href":"https:\/\/agora.xtec.cat\/escolalavilapalamos\/wp-json\/wp\/v2\/categories?post=15492"},{"taxonomy":"post_tag","embeddable":true,"href":"https:\/\/agora.xtec.cat\/escolalavilapalamos\/wp-json\/wp\/v2\/tags?post=15492"}],"curies":[{"name":"wp","href":"https:\/\/api.w.org\/{rel}","templated":true}]}}