{"id":15485,"date":"2025-03-21T09:49:42","date_gmt":"2025-03-21T08:49:42","guid":{"rendered":"https:\/\/agora.xtec.cat\/escolalavilapalamos\/?p=15485"},"modified":"2025-03-21T09:49:42","modified_gmt":"2025-03-21T08:49:42","slug":"segon-pagament-colonies","status":"publish","type":"post","link":"https:\/\/agora.xtec.cat\/escolalavilapalamos\/general\/segon-pagament-colonies\/","title":{"rendered":"Segon pagament col\u00f2nies"},"content":{"rendered":"<p>Ja s&#8217;estan acostant les dates de les col\u00f2nies! Recordeu que\u00a0 els m\u00e9s petits van\u00a0 a <strong>Can Maiol<\/strong>\u00a0a Sant Andreu Salou (prop de Cass\u00e0 de la Selva), a mitjans a\u00a0<strong>Can Sol\u00e0<\/strong>\u00a0a Vilob\u00ed d\u2019Onyar i 4t i 5\u00e8 al Mas Girc\u00f3s a Sant Ferriol (Besal\u00fa)<strong>.<\/strong><\/p>\n<p>El mes de novembre es va fer un primer pagament de bestreta de 50\u20ac i ara els vostres fills i filles us han fet arribar el segon pagament. El preu de les col\u00f2nies \u00a0inclou autocar, estada i tallers, i tamb\u00e9 la comissi\u00f3 de La Caixa. Aquest s\u2019ha de fer<strong>\u00a0 mitjan\u00e7ant el codi de barres. <\/strong><strong>Cal indicar els noms i cognoms i curs de l\u2019alumne.<\/strong><\/p>\n<p>Per\u00edode de pagament:\u00a0<strong>del dimecres 12\u00a0 al dimarts 25 de mar\u00e7 incl\u00f2s<\/strong>. Cal retornar el comprovant d\u2019ingr\u00e9s a la\/el tutora\/r no m\u00e9s tard del dimecres 26 de mar\u00e7.<\/p>\n<p><em><strong>Atenci\u00f3 important:<\/strong>\u00a0En el cas que una fam\u00edlia decideixi que el seu fill\/a no vagi de col\u00f2nies no es retorna la bestreta del primer pagament.<\/em><\/p>\n<p>Us podeu descarregar els codis de barres aqu\u00ed:<\/p>\n<p><a href=\"https:\/\/drive.google.com\/file\/d\/1bsIP9NFW2mGivAHJDj0FLaEOvy_QyA8P\/view?usp=sharing\">Comunitat de petits\u00a0<\/a><\/p>\n<p><a href=\"https:\/\/drive.google.com\/file\/d\/18BcJ9AC5tPBHSR3fV7aGlY0QjTdxrIqB\/view?usp=sharing\">Comunitat de mitjans<\/a><\/p>\n<p><a href=\"https:\/\/drive.google.com\/file\/d\/1xwL6cjvsGfpsIqBedeiJMz2yOVr8A8lk\/view?usp=sharing\">(4t, 5\u00e8)<\/a><\/p>\n<p><a href=\"https:\/\/agora.xtec.cat\/escolalavilapalamos\/wp-content\/uploads\/usu897\/2025\/03\/nens-i-nenes-autocar-excursio-dibuix.jpg\"><img loading=\"lazy\" decoding=\"async\" class=\"aligncenter  wp-image-15486\" src=\"https:\/\/agora.xtec.cat\/escolalavilapalamos\/wp-content\/uploads\/usu897\/2025\/03\/nens-i-nenes-autocar-excursio-dibuix-1024x579.jpg\" alt=\"\" width=\"488\" height=\"276\" srcset=\"https:\/\/agora.xtec.cat\/escolalavilapalamos\/wp-content\/uploads\/usu897\/2025\/03\/nens-i-nenes-autocar-excursio-dibuix-1024x579.jpg 1024w, https:\/\/agora.xtec.cat\/escolalavilapalamos\/wp-content\/uploads\/usu897\/2025\/03\/nens-i-nenes-autocar-excursio-dibuix-300x170.jpg 300w, https:\/\/agora.xtec.cat\/escolalavilapalamos\/wp-content\/uploads\/usu897\/2025\/03\/nens-i-nenes-autocar-excursio-dibuix-768x434.jpg 768w, https:\/\/agora.xtec.cat\/escolalavilapalamos\/wp-content\/uploads\/usu897\/2025\/03\/nens-i-nenes-autocar-excursio-dibuix.jpg 1472w\" sizes=\"auto, (max-width: 488px) 100vw, 488px\" \/><\/a><\/p>\n","protected":false},"excerpt":{"rendered":"<p>Ja s&#8217;estan acostant les dates de les col\u00f2nies! Recordeu que\u00a0 els m\u00e9s petits van\u00a0 a Can Maiol\u00a0a Sant Andreu Salou (prop de Cass\u00e0 de la Selva), a mitjans a\u00a0Can Sol\u00e0\u00a0a Vilob\u00ed d\u2019Onyar i 4t i 5\u00e8 al Mas Girc\u00f3s a Sant Ferriol (Besal\u00fa).<br \/>\nEl mes de&hellip;  <a href=\"https:\/\/agora.xtec.cat\/escolalavilapalamos\/general\/segon-pagament-colonies\/\" title=\"Read Segon pagament col\u00f2nies\">Llegeix m\u00e9s\u00bb<\/a><\/p>\n","protected":false},"author":1,"featured_media":0,"comment_status":"open","ping_status":"closed","sticky":false,"template":"","format":"standard","meta":{"_bbp_topic_count":0,"_bbp_reply_count":0,"_bbp_total_topic_count":0,"_bbp_total_reply_count":0,"_bbp_voice_count":0,"_bbp_anonymous_reply_count":0,"_bbp_topic_count_hidden":0,"_bbp_reply_count_hidden":0,"_bbp_forum_subforum_count":0,"footnotes":""},"categories":[1,4],"tags":[],"class_list":["post-15485","post","type-post","status-publish","format-standard","hentry","category-general","category-portada"],"post_mailing_queue_ids":[],"_links":{"self":[{"href":"https:\/\/agora.xtec.cat\/escolalavilapalamos\/wp-json\/wp\/v2\/posts\/15485","targetHints":{"allow":["GET"]}}],"collection":[{"href":"https:\/\/agora.xtec.cat\/escolalavilapalamos\/wp-json\/wp\/v2\/posts"}],"about":[{"href":"https:\/\/agora.xtec.cat\/escolalavilapalamos\/wp-json\/wp\/v2\/types\/post"}],"author":[{"embeddable":true,"href":"https:\/\/agora.xtec.cat\/escolalavilapalamos\/wp-json\/wp\/v2\/users\/1"}],"replies":[{"embeddable":true,"href":"https:\/\/agora.xtec.cat\/escolalavilapalamos\/wp-json\/wp\/v2\/comments?post=15485"}],"version-history":[{"count":2,"href":"https:\/\/agora.xtec.cat\/escolalavilapalamos\/wp-json\/wp\/v2\/posts\/15485\/revisions"}],"predecessor-version":[{"id":15488,"href":"https:\/\/agora.xtec.cat\/escolalavilapalamos\/wp-json\/wp\/v2\/posts\/15485\/revisions\/15488"}],"wp:attachment":[{"href":"https:\/\/agora.xtec.cat\/escolalavilapalamos\/wp-json\/wp\/v2\/media?parent=15485"}],"wp:term":[{"taxonomy":"category","embeddable":true,"href":"https:\/\/agora.xtec.cat\/escolalavilapalamos\/wp-json\/wp\/v2\/categories?post=15485"},{"taxonomy":"post_tag","embeddable":true,"href":"https:\/\/agora.xtec.cat\/escolalavilapalamos\/wp-json\/wp\/v2\/tags?post=15485"}],"curies":[{"name":"wp","href":"https:\/\/api.w.org\/{rel}","templated":true}]}}