{"id":15474,"date":"2025-03-20T08:58:55","date_gmt":"2025-03-20T07:58:55","guid":{"rendered":"https:\/\/agora.xtec.cat\/escolalavilapalamos\/?p=15474"},"modified":"2025-03-20T08:58:55","modified_gmt":"2025-03-20T07:58:55","slug":"sortida-al-cosmocaixa-6e","status":"publish","type":"post","link":"https:\/\/agora.xtec.cat\/escolalavilapalamos\/general\/sortida-al-cosmocaixa-6e\/","title":{"rendered":"Sortida al CosmoCaixa 6\u00e8"},"content":{"rendered":"<div class=\"flex max-w-full flex-col flex-grow\">\n<div class=\"min-h-8 text-message relative flex w-full flex-col items-end gap-2 whitespace-normal break-words text-start [.text-message+&amp;]:mt-5\" dir=\"auto\" data-message-author-role=\"assistant\" data-message-id=\"1e0bd554-ac59-4465-b0d7-776e21be6e9a\" data-message-model-slug=\"gpt-4o\">\n<div class=\"flex w-full flex-col gap-1 empty:hidden first:pt-[3px]\">\n<div class=\"markdown prose w-full break-words dark:prose-invert light\">\n<p data-start=\"0\" data-end=\"224\">El dimarts 22 d&#8217;abril, just tornant de setmana santa, els alumnes de 6\u00e8 visitarem el <strong>Cosmocaixa de Barcelona<\/strong>. Durant la sortida visitarem el museu i participarem en un taller d&#8217;energia on treballarem sobre el projecte energies i electricitat de treball globalitzat. Tamb\u00e9 realitzarem un altre taller anomenat &#8220;Menjar i no ser menjat&#8221;.<\/p>\n<p data-start=\"226\" data-end=\"312\">El cost de l\u2019excursi\u00f3 ja est\u00e0 incl\u00f2s en la quota que es va abonar a l\u2019inici de curs.<\/p>\n<p data-start=\"314\" data-end=\"345\"><strong data-start=\"314\" data-end=\"343\">Horari i punt de trobada:<\/strong><\/p>\n<ul data-start=\"346\" data-end=\"457\">\n<li data-start=\"346\" data-end=\"410\"><strong data-start=\"348\" data-end=\"360\">Sortida:<\/strong> A les 8:00 h des del Camp de Futbol de Palam\u00f3s.<\/li>\n<li data-start=\"411\" data-end=\"457\"><strong data-start=\"413\" data-end=\"425\">Tornada:<\/strong> A les 16:30 h al mateix lloc.<\/li>\n<\/ul>\n<p>*Si arribem m\u00e9s tard avisarem des de tutoria per <em>Tokapp<\/em>.<\/p>\n<p data-start=\"459\" data-end=\"480\"><strong data-start=\"459\" data-end=\"478\">Qu\u00e8 cal portar?<\/strong><\/p>\n<ul data-start=\"481\" data-end=\"539\">\n<li data-start=\"481\" data-end=\"502\">Esmorzar i dinar.<\/li>\n<li data-start=\"503\" data-end=\"513\">Aigua.<\/li>\n<li data-start=\"514\" data-end=\"539\">Roba i cal\u00e7at c\u00f2mode.<\/li>\n<\/ul>\n<p>Us podeu descarregar l&#8217;autoritzaci\u00f3 aqu\u00ed: <a href=\"https:\/\/agora.xtec.cat\/escolalavilapalamos\/wp-content\/uploads\/usu897\/2025\/03\/Sortida-Cosmocaixa-2025.pdf\">Sortida Cosmocaixa 2025<\/a><\/p>\n<\/div>\n<p><a href=\"https:\/\/agora.xtec.cat\/escolalavilapalamos\/wp-content\/uploads\/usu897\/2025\/03\/REF_COSMO_CAIXA_CT6A6710-1.jpg\"><img loading=\"lazy\" decoding=\"async\" class=\"wp-image-15476 aligncenter\" src=\"https:\/\/agora.xtec.cat\/escolalavilapalamos\/wp-content\/uploads\/usu897\/2025\/03\/REF_COSMO_CAIXA_CT6A6710-1.jpg\" alt=\"\" width=\"433\" height=\"250\" srcset=\"https:\/\/agora.xtec.cat\/escolalavilapalamos\/wp-content\/uploads\/usu897\/2025\/03\/REF_COSMO_CAIXA_CT6A6710-1.jpg 1472w, https:\/\/agora.xtec.cat\/escolalavilapalamos\/wp-content\/uploads\/usu897\/2025\/03\/REF_COSMO_CAIXA_CT6A6710-1-300x173.jpg 300w, https:\/\/agora.xtec.cat\/escolalavilapalamos\/wp-content\/uploads\/usu897\/2025\/03\/REF_COSMO_CAIXA_CT6A6710-1-1024x590.jpg 1024w, https:\/\/agora.xtec.cat\/escolalavilapalamos\/wp-content\/uploads\/usu897\/2025\/03\/REF_COSMO_CAIXA_CT6A6710-1-768x442.jpg 768w\" sizes=\"auto, (max-width: 433px) 100vw, 433px\" \/><\/a><\/p>\n<div class=\"markdown prose w-full break-words dark:prose-invert light\">\n<p data-start=\"541\" data-end=\"612\" data-is-last-node=\"\" data-is-only-node=\"\">\n<\/div>\n<\/div>\n<\/div>\n<\/div>\n","protected":false},"excerpt":{"rendered":"<p>El dimarts 22 d&#8217;abril, just tornant de setmana santa, els alumnes de 6\u00e8 visitarem el Cosmocaixa de Barcelona. Durant la sortida visitarem el museu i participarem en un taller d&#8217;energia on treballarem sobre el projecte energies i electricitat de treball globalitzat. Tamb\u00e9 realitzarem un altre&hellip;  <a href=\"https:\/\/agora.xtec.cat\/escolalavilapalamos\/general\/sortida-al-cosmocaixa-6e\/\" title=\"Read Sortida al CosmoCaixa 6\u00e8\">Llegeix m\u00e9s\u00bb<\/a><\/p>\n","protected":false},"author":132,"featured_media":0,"comment_status":"closed","ping_status":"closed","sticky":false,"template":"","format":"standard","meta":{"_bbp_topic_count":0,"_bbp_reply_count":0,"_bbp_total_topic_count":0,"_bbp_total_reply_count":0,"_bbp_voice_count":0,"_bbp_anonymous_reply_count":0,"_bbp_topic_count_hidden":0,"_bbp_reply_count_hidden":0,"_bbp_forum_subforum_count":0,"footnotes":""},"categories":[128,1,4,5],"tags":[],"class_list":["post-15474","post","type-post","status-publish","format-standard","hentry","category-comunitat-de-grans","category-general","category-portada","category-primaria"],"post_mailing_queue_ids":[],"_links":{"self":[{"href":"https:\/\/agora.xtec.cat\/escolalavilapalamos\/wp-json\/wp\/v2\/posts\/15474","targetHints":{"allow":["GET"]}}],"collection":[{"href":"https:\/\/agora.xtec.cat\/escolalavilapalamos\/wp-json\/wp\/v2\/posts"}],"about":[{"href":"https:\/\/agora.xtec.cat\/escolalavilapalamos\/wp-json\/wp\/v2\/types\/post"}],"author":[{"embeddable":true,"href":"https:\/\/agora.xtec.cat\/escolalavilapalamos\/wp-json\/wp\/v2\/users\/132"}],"replies":[{"embeddable":true,"href":"https:\/\/agora.xtec.cat\/escolalavilapalamos\/wp-json\/wp\/v2\/comments?post=15474"}],"version-history":[{"count":3,"href":"https:\/\/agora.xtec.cat\/escolalavilapalamos\/wp-json\/wp\/v2\/posts\/15474\/revisions"}],"predecessor-version":[{"id":15479,"href":"https:\/\/agora.xtec.cat\/escolalavilapalamos\/wp-json\/wp\/v2\/posts\/15474\/revisions\/15479"}],"wp:attachment":[{"href":"https:\/\/agora.xtec.cat\/escolalavilapalamos\/wp-json\/wp\/v2\/media?parent=15474"}],"wp:term":[{"taxonomy":"category","embeddable":true,"href":"https:\/\/agora.xtec.cat\/escolalavilapalamos\/wp-json\/wp\/v2\/categories?post=15474"},{"taxonomy":"post_tag","embeddable":true,"href":"https:\/\/agora.xtec.cat\/escolalavilapalamos\/wp-json\/wp\/v2\/tags?post=15474"}],"curies":[{"name":"wp","href":"https:\/\/api.w.org\/{rel}","templated":true}]}}