{"id":15464,"date":"2025-03-19T16:56:20","date_gmt":"2025-03-19T15:56:20","guid":{"rendered":"https:\/\/agora.xtec.cat\/escolalavilapalamos\/?p=15464"},"modified":"2025-03-19T16:56:20","modified_gmt":"2025-03-19T15:56:20","slug":"i-ara-que-andersen-el-teatre-de-5e","status":"publish","type":"post","link":"https:\/\/agora.xtec.cat\/escolalavilapalamos\/general\/i-ara-que-andersen-el-teatre-de-5e\/","title":{"rendered":"I ara qu\u00e8, Andersen? El teatre de 5\u00e8"},"content":{"rendered":"<p>Els nois i les noies de 5\u00e8 aquest curs participem a la mostra de teatre de Palam\u00f3s, amb l&#8217;obra &#8220;I ara qu\u00e8, Andersen?&#8221;<\/p>\n<p>Des de fa uns quants dies, estem assajant de valent per tal d&#8217;aconseguir que la nostra obra ens quedi genial. Per ajudar-nos en tot aquest proc\u00e9s, avui ens ha visitat l&#8217;actor Sergi Ponsat\u00ed a qui hem pogut entrevistar. Ens ha donat bons consells, estrat\u00e8gies i alguna t\u00e8cnica per aplicar a dalt l&#8217;escenari. Ha estat molt interessant escoltar-lo.<\/p>\n<p>Si no us voleu perdre el nostre teatre, us convidem el pr\u00f2xim 30 d&#8217;abril, a les 20:00 h al teatre la Gorga. Les entrades per assistir de p\u00fablic es podran comprar a partir del <b>dilluns 24 de mar\u00e7 a les 9 h de mat\u00ed a la web de la Gorga,<\/b> <strong>www.lagorga.cat.<\/strong><\/p>\n<p>Us hi esperem!<\/p>\n<p><img decoding=\"async\" src=\"https:\/\/agora.xtec.cat\/escolalavilapalamos\/wp-content\/uploads\/usu897\/2025\/03\/IMG_3580-1.jpg\" \/> <img decoding=\"async\" src=\"https:\/\/agora.xtec.cat\/escolalavilapalamos\/wp-content\/uploads\/usu897\/2025\/03\/IMG_3579-2.jpg\" \/><\/p>\n","protected":false},"excerpt":{"rendered":"<p>Els nois i les noies de 5\u00e8 aquest curs participem a la mostra de teatre de Palam\u00f3s, amb l&#8217;obra &#8220;I ara qu\u00e8, Andersen?&#8221;<br \/>\nDes de fa uns quants dies, estem assajant de valent per tal d&#8217;aconseguir que la nostra obra ens quedi genial. Per ajudar-nos en&hellip;  <a href=\"https:\/\/agora.xtec.cat\/escolalavilapalamos\/general\/i-ara-que-andersen-el-teatre-de-5e\/\" title=\"Read I ara qu\u00e8, Andersen? El teatre de 5\u00e8\">Llegeix m\u00e9s\u00bb<\/a><\/p>\n","protected":false},"author":132,"featured_media":0,"comment_status":"open","ping_status":"closed","sticky":false,"template":"","format":"standard","meta":{"_bbp_topic_count":0,"_bbp_reply_count":0,"_bbp_total_topic_count":0,"_bbp_total_reply_count":0,"_bbp_voice_count":0,"_bbp_anonymous_reply_count":0,"_bbp_topic_count_hidden":0,"_bbp_reply_count_hidden":0,"_bbp_forum_subforum_count":0,"footnotes":""},"categories":[128,1,4],"tags":[],"class_list":["post-15464","post","type-post","status-publish","format-standard","hentry","category-comunitat-de-grans","category-general","category-portada"],"post_mailing_queue_ids":[],"_links":{"self":[{"href":"https:\/\/agora.xtec.cat\/escolalavilapalamos\/wp-json\/wp\/v2\/posts\/15464","targetHints":{"allow":["GET"]}}],"collection":[{"href":"https:\/\/agora.xtec.cat\/escolalavilapalamos\/wp-json\/wp\/v2\/posts"}],"about":[{"href":"https:\/\/agora.xtec.cat\/escolalavilapalamos\/wp-json\/wp\/v2\/types\/post"}],"author":[{"embeddable":true,"href":"https:\/\/agora.xtec.cat\/escolalavilapalamos\/wp-json\/wp\/v2\/users\/132"}],"replies":[{"embeddable":true,"href":"https:\/\/agora.xtec.cat\/escolalavilapalamos\/wp-json\/wp\/v2\/comments?post=15464"}],"version-history":[{"count":2,"href":"https:\/\/agora.xtec.cat\/escolalavilapalamos\/wp-json\/wp\/v2\/posts\/15464\/revisions"}],"predecessor-version":[{"id":15473,"href":"https:\/\/agora.xtec.cat\/escolalavilapalamos\/wp-json\/wp\/v2\/posts\/15464\/revisions\/15473"}],"wp:attachment":[{"href":"https:\/\/agora.xtec.cat\/escolalavilapalamos\/wp-json\/wp\/v2\/media?parent=15464"}],"wp:term":[{"taxonomy":"category","embeddable":true,"href":"https:\/\/agora.xtec.cat\/escolalavilapalamos\/wp-json\/wp\/v2\/categories?post=15464"},{"taxonomy":"post_tag","embeddable":true,"href":"https:\/\/agora.xtec.cat\/escolalavilapalamos\/wp-json\/wp\/v2\/tags?post=15464"}],"curies":[{"name":"wp","href":"https:\/\/api.w.org\/{rel}","templated":true}]}}