{"id":15460,"date":"2025-03-18T09:00:31","date_gmt":"2025-03-18T08:00:31","guid":{"rendered":"https:\/\/agora.xtec.cat\/escolalavilapalamos\/?p=15460"},"modified":"2025-03-17T14:55:45","modified_gmt":"2025-03-17T13:55:45","slug":"sollicitud-de-menjador-escolar-curs-25-26","status":"publish","type":"post","link":"https:\/\/agora.xtec.cat\/escolalavilapalamos\/general\/sollicitud-de-menjador-escolar-curs-25-26\/","title":{"rendered":"Sol\u00b7licitud de menjador  escolar curs 25-26"},"content":{"rendered":"<p><a href=\"https:\/\/agora.xtec.cat\/escolalavilapalamos\/wp-content\/uploads\/usu897\/2021\/11\/Menjador-escolar.jpg\"><img loading=\"lazy\" decoding=\"async\" class=\"size-full wp-image-10606 alignleft\" src=\"https:\/\/agora.xtec.cat\/escolalavilapalamos\/wp-content\/uploads\/usu897\/2021\/11\/Menjador-escolar.jpg\" alt=\"\" width=\"460\" height=\"332\" srcset=\"https:\/\/agora.xtec.cat\/escolalavilapalamos\/wp-content\/uploads\/usu897\/2021\/11\/Menjador-escolar.jpg 460w, https:\/\/agora.xtec.cat\/escolalavilapalamos\/wp-content\/uploads\/usu897\/2021\/11\/Menjador-escolar-300x217.jpg 300w\" sizes=\"auto, (max-width: 460px) 100vw, 460px\" \/><\/a>Us informem que s&#8217;obre el per\u00edode per renovar o sol\u00b7licitar el servei escolar de menjador per al curs 2025-2026. El termini de presentaci\u00f3 de sol\u00b7licituds \u00e9s del <strong>19 de mar\u00e7, a les 9h, fins el 4 d&#8217;abril a les 14h<\/strong>. Les presentades en aquest termini, es garantir\u00e0 l&#8217;alta al servei des del primer dia del curs escolar.<\/p>\n<p>Com a <strong>novetat<\/strong> principal per al <strong>curs 2025-2026<\/strong>, destaquem el seg\u00fcent:<\/p>\n<p><strong><em>MENJADOR NO OBLIGATORI :\u00a0<\/em><\/strong><em>El sistema de tiquets de menjador ja no estar\u00e0 operatiu i ser\u00e0 obligatori domiciliar el rebut de menjador per fer \u00fas del servei. Aquest, es cobrar\u00e0 a mes ven\u00e7ut d\u2019acord amb les assist\u00e8ncies reals del mes. L\u2019import del men\u00fa es calcular\u00e0 mensualment en funci\u00f3 de l\u2019\u00fas que hagin fet (\u00fas fix o \u00fas espor\u00e0dic).<\/em><\/p>\n<p style=\"font-weight: 400;\">Trobareu tota la informaci\u00f3 de les inscripcions a trav\u00e9s de l\u2019enlla\u00e7\u00a0<a href=\"https:\/\/www.baixemporda.cat\/ca\/arees\/ensenyament\/menjador-escolar\/\" data-saferedirecturl=\"https:\/\/www.google.com\/url?q=https:\/\/www.baixemporda.cat\/ca\/arees\/ensenyament\/menjador-escolar\/&amp;source=gmail&amp;ust=1742285001878000&amp;usg=AOvVaw1_m-nmoigeAZoszkkAFb2A\">https:\/\/www.baixemporda.cat\/ca\/arees\/ensenyament\/menjador-escolar\/<\/a><\/p>\n<p style=\"font-weight: 400;\">Abans de l\u2019inici d\u2019inscripci\u00f3, informarem a les fam\u00edlies que tenim donades d\u2019alta en els serveis a trav\u00e9s d\u2019SMS.<\/p>\n<p style=\"font-weight: 400;\">Us recordem que es poden fer les inscripcions a trav\u00e9s del tr\u00e0mit corresponent a la seu electr\u00f2nica o b\u00e9, presencialment a l\u2019Oficina d\u2019Assist\u00e8ncia en Mat\u00e8ria de Registre\u00a0 del Consell Comarcal de Baix Empord\u00e0 (C. Tarongers, 12 17100 \u2013 La Bisbal d\u2019Empord\u00e0), en horari de dilluns a divendres de les 9 a les 14 hores.<\/p>\n<p style=\"font-weight: 400;\">Per a qualsevol dubte o aclariment, ens podeu trucar al tel\u00e8fon 972 64 55 59 de dimarts a divendres, de les 9 a les 14 h.<\/p>\n<p>Consell Comarcal del Baix Empord\u00e0<\/p>\n<p>Escola La Vila<\/p>\n","protected":false},"excerpt":{"rendered":"<p><a href=\"https:\/\/agora.xtec.cat\/escolalavilapalamos\/wp-content\/uploads\/usu897\/2021\/11\/Menjador-escolar.jpg\"><\/a>Us informem que s&#8217;obre el per\u00edode per renovar o sol\u00b7licitar el servei escolar de menjador per al curs 2025-2026. El termini de presentaci\u00f3 de sol\u00b7licituds \u00e9s del 19 de mar\u00e7, a les 9h, fins el 4 d&#8217;abril a les 14h. Les presentades en aquest&hellip;  <a href=\"https:\/\/agora.xtec.cat\/escolalavilapalamos\/general\/sollicitud-de-menjador-escolar-curs-25-26\/\" title=\"Read Sol\u00b7licitud de menjador  escolar curs 25-26\">Llegeix m\u00e9s\u00bb<\/a><\/p>\n","protected":false},"author":1,"featured_media":0,"comment_status":"open","ping_status":"closed","sticky":false,"template":"","format":"standard","meta":{"_bbp_topic_count":0,"_bbp_reply_count":0,"_bbp_total_topic_count":0,"_bbp_total_reply_count":0,"_bbp_voice_count":0,"_bbp_anonymous_reply_count":0,"_bbp_topic_count_hidden":0,"_bbp_reply_count_hidden":0,"_bbp_forum_subforum_count":0,"footnotes":""},"categories":[1],"tags":[],"class_list":["post-15460","post","type-post","status-publish","format-standard","hentry","category-general"],"post_mailing_queue_ids":[],"_links":{"self":[{"href":"https:\/\/agora.xtec.cat\/escolalavilapalamos\/wp-json\/wp\/v2\/posts\/15460","targetHints":{"allow":["GET"]}}],"collection":[{"href":"https:\/\/agora.xtec.cat\/escolalavilapalamos\/wp-json\/wp\/v2\/posts"}],"about":[{"href":"https:\/\/agora.xtec.cat\/escolalavilapalamos\/wp-json\/wp\/v2\/types\/post"}],"author":[{"embeddable":true,"href":"https:\/\/agora.xtec.cat\/escolalavilapalamos\/wp-json\/wp\/v2\/users\/1"}],"replies":[{"embeddable":true,"href":"https:\/\/agora.xtec.cat\/escolalavilapalamos\/wp-json\/wp\/v2\/comments?post=15460"}],"version-history":[{"count":2,"href":"https:\/\/agora.xtec.cat\/escolalavilapalamos\/wp-json\/wp\/v2\/posts\/15460\/revisions"}],"predecessor-version":[{"id":15462,"href":"https:\/\/agora.xtec.cat\/escolalavilapalamos\/wp-json\/wp\/v2\/posts\/15460\/revisions\/15462"}],"wp:attachment":[{"href":"https:\/\/agora.xtec.cat\/escolalavilapalamos\/wp-json\/wp\/v2\/media?parent=15460"}],"wp:term":[{"taxonomy":"category","embeddable":true,"href":"https:\/\/agora.xtec.cat\/escolalavilapalamos\/wp-json\/wp\/v2\/categories?post=15460"},{"taxonomy":"post_tag","embeddable":true,"href":"https:\/\/agora.xtec.cat\/escolalavilapalamos\/wp-json\/wp\/v2\/tags?post=15460"}],"curies":[{"name":"wp","href":"https:\/\/api.w.org\/{rel}","templated":true}]}}