{"id":15458,"date":"2025-04-02T08:33:21","date_gmt":"2025-04-02T06:33:21","guid":{"rendered":"https:\/\/agora.xtec.cat\/escolalavilapalamos\/?p=15458"},"modified":"2025-04-02T08:33:21","modified_gmt":"2025-04-02T06:33:21","slug":"rodajoc-a-4t-3","status":"publish","type":"post","link":"https:\/\/agora.xtec.cat\/escolalavilapalamos\/portada\/rodajoc-a-4t-3\/","title":{"rendered":"Rodajoc a 4t!"},"content":{"rendered":"<p><a href=\"https:\/\/agora.xtec.cat\/escolalavilapalamos\/wp-content\/uploads\/usu897\/2025\/03\/IMG-20250401-WA0022.jpg\"><img loading=\"lazy\" decoding=\"async\" class=\"aligncenter wp-image-15538\" src=\"https:\/\/agora.xtec.cat\/escolalavilapalamos\/wp-content\/uploads\/usu897\/2025\/03\/IMG-20250401-WA0022.jpg\" alt=\"\" width=\"561\" height=\"421\" srcset=\"https:\/\/agora.xtec.cat\/escolalavilapalamos\/wp-content\/uploads\/usu897\/2025\/03\/IMG-20250401-WA0022.jpg 2048w, https:\/\/agora.xtec.cat\/escolalavilapalamos\/wp-content\/uploads\/usu897\/2025\/03\/IMG-20250401-WA0022-300x225.jpg 300w, https:\/\/agora.xtec.cat\/escolalavilapalamos\/wp-content\/uploads\/usu897\/2025\/03\/IMG-20250401-WA0022-1024x768.jpg 1024w, https:\/\/agora.xtec.cat\/escolalavilapalamos\/wp-content\/uploads\/usu897\/2025\/03\/IMG-20250401-WA0022-768x576.jpg 768w, https:\/\/agora.xtec.cat\/escolalavilapalamos\/wp-content\/uploads\/usu897\/2025\/03\/IMG-20250401-WA0022-1536x1152.jpg 1536w, https:\/\/agora.xtec.cat\/escolalavilapalamos\/wp-content\/uploads\/usu897\/2025\/03\/IMG-20250401-WA0022-200x150.jpg 200w\" sizes=\"auto, (max-width: 561px) 100vw, 561px\" \/><\/a><\/p>\n<p>El dimarts 1 d\u2019abril l\u2019alumnat de 4t va participar en el <strong>RODAJOC DE PALAM\u00d3S, SANT ANTONI, CALONGE I VALL-LLOBREGA<\/strong>. La jornada es va celebrar enguany a Vall-Llobrega i vam gaudir d\u2019un mat\u00ed de jocs a l\u2019aire lliure tots plegats.<\/p>\n<p>Les escoles participants al Rodajoc van ser: ESC La Vila, ESC Vila-rom\u00e0, ESC La Salle, ESC Vedruna , ESC Llevant\u00ed de mar, ESC La s\u00ednia; (St. Antoni de Calonge); ESC Pere Rossell\u00f3 (Calonge); ESC Vall-llobrega; INS Palam\u00f3s<\/p>\n<p>Els organitzadors van ser: els mestres del Seminari Rodajoc Palam\u00f3s, Calonge i Vall-lobrega\u00a0 (PFZ)<\/p>\n<p>Col\u00b7laboradors: Ajuntament de Vall-llobrega, SEBE (Serveis Educatius del Baix Empord\u00e0) i Servei Educatiu del Baix Empord\u00e0; Consell Esportiu del Baix Empord\u00e0.<\/p>\n","protected":false},"excerpt":{"rendered":"<p><a href=\"https:\/\/agora.xtec.cat\/escolalavilapalamos\/wp-content\/uploads\/usu897\/2025\/03\/IMG-20250401-WA0022.jpg\"><\/a><br \/>\nEl dimarts 1 d\u2019abril l\u2019alumnat de 4t va participar en el RODAJOC DE PALAM\u00d3S, SANT ANTONI, CALONGE I VALL-LLOBREGA. La jornada es va celebrar enguany a Vall-Llobrega i vam gaudir d\u2019un mat\u00ed de jocs a l\u2019aire lliure tots plegats.<br \/>\nLes escoles participants al Rodajoc van&hellip;  <a href=\"https:\/\/agora.xtec.cat\/escolalavilapalamos\/portada\/rodajoc-a-4t-3\/\" title=\"Read Rodajoc a 4t!\">Llegeix m\u00e9s\u00bb<\/a><\/p>\n","protected":false},"author":132,"featured_media":0,"comment_status":"open","ping_status":"closed","sticky":false,"template":"","format":"standard","meta":{"_bbp_topic_count":0,"_bbp_reply_count":0,"_bbp_total_topic_count":0,"_bbp_total_reply_count":0,"_bbp_voice_count":0,"_bbp_anonymous_reply_count":0,"_bbp_topic_count_hidden":0,"_bbp_reply_count_hidden":0,"_bbp_forum_subforum_count":0,"footnotes":""},"categories":[128,70,67,4,5],"tags":[],"class_list":["post-15458","post","type-post","status-publish","format-standard","hentry","category-comunitat-de-grans","category-efi","category-especialistes","category-portada","category-primaria"],"post_mailing_queue_ids":[],"_links":{"self":[{"href":"https:\/\/agora.xtec.cat\/escolalavilapalamos\/wp-json\/wp\/v2\/posts\/15458","targetHints":{"allow":["GET"]}}],"collection":[{"href":"https:\/\/agora.xtec.cat\/escolalavilapalamos\/wp-json\/wp\/v2\/posts"}],"about":[{"href":"https:\/\/agora.xtec.cat\/escolalavilapalamos\/wp-json\/wp\/v2\/types\/post"}],"author":[{"embeddable":true,"href":"https:\/\/agora.xtec.cat\/escolalavilapalamos\/wp-json\/wp\/v2\/users\/132"}],"replies":[{"embeddable":true,"href":"https:\/\/agora.xtec.cat\/escolalavilapalamos\/wp-json\/wp\/v2\/comments?post=15458"}],"version-history":[{"count":3,"href":"https:\/\/agora.xtec.cat\/escolalavilapalamos\/wp-json\/wp\/v2\/posts\/15458\/revisions"}],"predecessor-version":[{"id":15541,"href":"https:\/\/agora.xtec.cat\/escolalavilapalamos\/wp-json\/wp\/v2\/posts\/15458\/revisions\/15541"}],"wp:attachment":[{"href":"https:\/\/agora.xtec.cat\/escolalavilapalamos\/wp-json\/wp\/v2\/media?parent=15458"}],"wp:term":[{"taxonomy":"category","embeddable":true,"href":"https:\/\/agora.xtec.cat\/escolalavilapalamos\/wp-json\/wp\/v2\/categories?post=15458"},{"taxonomy":"post_tag","embeddable":true,"href":"https:\/\/agora.xtec.cat\/escolalavilapalamos\/wp-json\/wp\/v2\/tags?post=15458"}],"curies":[{"name":"wp","href":"https:\/\/api.w.org\/{rel}","templated":true}]}}