{"id":15440,"date":"2025-03-13T10:34:11","date_gmt":"2025-03-13T09:34:11","guid":{"rendered":"https:\/\/agora.xtec.cat\/escolalavilapalamos\/?p=15440"},"modified":"2025-03-13T10:34:11","modified_gmt":"2025-03-13T09:34:11","slug":"dibuixem-les-construccions-a-i4","status":"publish","type":"post","link":"https:\/\/agora.xtec.cat\/escolalavilapalamos\/general\/dibuixem-les-construccions-a-i4\/","title":{"rendered":"Dibuixem les Construccions a I4"},"content":{"rendered":"<p>Hola Fam\u00edlies!!!<\/p>\n<p>A I4 estem aprenent a dibuixar les nostre produccions i construccions, amb ajuda al principi per\u00f2 a poc a poc ho fem m\u00e9s aut\u00f2nomament. \u00c9s important adquirir una orientaci\u00f3 sobre el paper ja que \u00e9s la base de la direccionalitat de l&#8217;escriptura.<\/p>\n<p>Han gaudit molt amb l&#8217;activitat, i esperem que us agradin aquest petit recull de fotografies!!!<\/p>\n<p>Gr\u00e0cies!<\/p>\n<p>Podeu veure les fotos accedint <a href=\"https:\/\/agora.xtec.cat\/escolalavilapalamos\/general\/dibuixem-les-construccions-a-i4-2\/\">aqu\u00ed<\/a><\/p>\n<p><img loading=\"lazy\" decoding=\"async\" class=\"aligncenter wp-image-15426\" src=\"https:\/\/agora.xtec.cat\/escolalavilapalamos\/wp-content\/uploads\/usu897\/2025\/03\/IMG_4394-rotated.jpg\" alt=\"\" width=\"132\" height=\"176\" \/><\/p>\n","protected":false},"excerpt":{"rendered":"<p>Hola Fam\u00edlies!!!<br \/>\nA I4 estem aprenent a dibuixar les nostre produccions i construccions, amb ajuda al principi per\u00f2 a poc a poc ho fem m\u00e9s aut\u00f2nomament. \u00c9s important adquirir una orientaci\u00f3 sobre el paper ja que \u00e9s la base de la direccionalitat de l&#8217;escriptura.<br \/>\nHan gaudit molt&hellip;  <a href=\"https:\/\/agora.xtec.cat\/escolalavilapalamos\/general\/dibuixem-les-construccions-a-i4\/\" title=\"Read Dibuixem les Construccions a I4\">Llegeix m\u00e9s\u00bb<\/a><\/p>\n","protected":false},"author":128,"featured_media":0,"comment_status":"open","ping_status":"closed","sticky":false,"template":"","format":"standard","meta":{"_bbp_topic_count":0,"_bbp_reply_count":0,"_bbp_total_topic_count":0,"_bbp_total_reply_count":0,"_bbp_voice_count":0,"_bbp_anonymous_reply_count":0,"_bbp_topic_count_hidden":0,"_bbp_reply_count_hidden":0,"_bbp_forum_subforum_count":0,"footnotes":""},"categories":[1,4],"tags":[],"class_list":["post-15440","post","type-post","status-publish","format-standard","hentry","category-general","category-portada"],"post_mailing_queue_ids":[],"_links":{"self":[{"href":"https:\/\/agora.xtec.cat\/escolalavilapalamos\/wp-json\/wp\/v2\/posts\/15440","targetHints":{"allow":["GET"]}}],"collection":[{"href":"https:\/\/agora.xtec.cat\/escolalavilapalamos\/wp-json\/wp\/v2\/posts"}],"about":[{"href":"https:\/\/agora.xtec.cat\/escolalavilapalamos\/wp-json\/wp\/v2\/types\/post"}],"author":[{"embeddable":true,"href":"https:\/\/agora.xtec.cat\/escolalavilapalamos\/wp-json\/wp\/v2\/users\/128"}],"replies":[{"embeddable":true,"href":"https:\/\/agora.xtec.cat\/escolalavilapalamos\/wp-json\/wp\/v2\/comments?post=15440"}],"version-history":[{"count":2,"href":"https:\/\/agora.xtec.cat\/escolalavilapalamos\/wp-json\/wp\/v2\/posts\/15440\/revisions"}],"predecessor-version":[{"id":15443,"href":"https:\/\/agora.xtec.cat\/escolalavilapalamos\/wp-json\/wp\/v2\/posts\/15440\/revisions\/15443"}],"wp:attachment":[{"href":"https:\/\/agora.xtec.cat\/escolalavilapalamos\/wp-json\/wp\/v2\/media?parent=15440"}],"wp:term":[{"taxonomy":"category","embeddable":true,"href":"https:\/\/agora.xtec.cat\/escolalavilapalamos\/wp-json\/wp\/v2\/categories?post=15440"},{"taxonomy":"post_tag","embeddable":true,"href":"https:\/\/agora.xtec.cat\/escolalavilapalamos\/wp-json\/wp\/v2\/tags?post=15440"}],"curies":[{"name":"wp","href":"https:\/\/api.w.org\/{rel}","templated":true}]}}