{"id":15385,"date":"2025-02-25T15:19:13","date_gmt":"2025-02-25T14:19:13","guid":{"rendered":"https:\/\/agora.xtec.cat\/escolalavilapalamos\/?p=15385"},"modified":"2025-03-06T11:11:12","modified_gmt":"2025-03-06T10:11:12","slug":"carnaval","status":"publish","type":"post","link":"https:\/\/agora.xtec.cat\/escolalavilapalamos\/general\/carnaval\/","title":{"rendered":"Carnaval 2025"},"content":{"rendered":"<div class=\"entry-content\">\n<p><a href=\"https:\/\/agora.xtec.cat\/escolalavilapalamos\/wp-content\/uploads\/usu897\/2025\/02\/PROGRAMA-DE-CARNAVAL-2025-1-1.png\"><img loading=\"lazy\" decoding=\"async\" class=\" wp-image-15386 alignleft\" src=\"https:\/\/agora.xtec.cat\/escolalavilapalamos\/wp-content\/uploads\/usu897\/2025\/02\/PROGRAMA-DE-CARNAVAL-2025-1-1-724x1024.png\" alt=\"\" width=\"439\" height=\"621\" srcset=\"https:\/\/agora.xtec.cat\/escolalavilapalamos\/wp-content\/uploads\/usu897\/2025\/02\/PROGRAMA-DE-CARNAVAL-2025-1-1-724x1024.png 724w, https:\/\/agora.xtec.cat\/escolalavilapalamos\/wp-content\/uploads\/usu897\/2025\/02\/PROGRAMA-DE-CARNAVAL-2025-1-1-212x300.png 212w, https:\/\/agora.xtec.cat\/escolalavilapalamos\/wp-content\/uploads\/usu897\/2025\/02\/PROGRAMA-DE-CARNAVAL-2025-1-1-768x1086.png 768w, https:\/\/agora.xtec.cat\/escolalavilapalamos\/wp-content\/uploads\/usu897\/2025\/02\/PROGRAMA-DE-CARNAVAL-2025-1-1-1086x1536.png 1086w, https:\/\/agora.xtec.cat\/escolalavilapalamos\/wp-content\/uploads\/usu897\/2025\/02\/PROGRAMA-DE-CARNAVAL-2025-1-1-1448x2048.png 1448w, https:\/\/agora.xtec.cat\/escolalavilapalamos\/wp-content\/uploads\/usu897\/2025\/02\/PROGRAMA-DE-CARNAVAL-2025-1-1.png 1587w\" sizes=\"auto, (max-width: 439px) 100vw, 439px\" \/><\/a>Els nois i les noies de 6\u00e8 han pensat unes consignes ben divertides per comen\u00e7ar el Carnaval amb gresca i xerinola!<\/p>\n<p>Les consignes s\u00f3n:<\/p>\n<p><strong>\u2013 Dilluns 24 de febrer: Comoditat i festa, tothom amb pijama ha de venir.<br \/>\n<\/strong><\/p>\n<p><strong>\u2013 Dimarts 25 de febrer: Per celebrar el carnaval tots vestits de gala, quin festival!<br \/>\n<\/strong><\/p>\n<p><strong>\u2013 Dimecres 26 de febrer:\u00a0 Amb ritme i energia, tots amb roba esportiva!<br \/>\n<\/strong><\/p>\n<p><strong>\u2013 Dijous 27 de febrer: Al mat\u00ed tothom de color blau i a la tarda disfressa lliure.<\/strong><\/p>\n<p>Totes les comunitats, el dijous al mat\u00ed, farem una sortida pels voltants de l&#8217;escola. A la tarda celebrarem el dijous gras amb una festa de carnaval al pati, amb coca i la visita d&#8217;una carrossa per animar-nos la tarda.<\/p>\n<\/div>\n<div class=\"entry-content\">\n<h5><strong>Recordeu que divendres 28 de febrer i dilluns 3 de mar\u00e7 s\u00f3n festius per ser dies de lliure disposici\u00f3.<\/strong><\/h5>\n<h3>Bon Carnaval a tothom!!!<\/h3>\n<\/div>\n<p>Per veure les fotos del Carnaval cliqueu <a href=\"https:\/\/photos.app.goo.gl\/vW8v5PE64e5TXNyz7\">aqu\u00ed<\/a><\/p>\n","protected":false},"excerpt":{"rendered":"<p><a href=\"https:\/\/agora.xtec.cat\/escolalavilapalamos\/wp-content\/uploads\/usu897\/2025\/02\/PROGRAMA-DE-CARNAVAL-2025-1-1.png\"><\/a>Els nois i les noies de 6\u00e8 han pensat unes consignes ben divertides per comen\u00e7ar el Carnaval amb gresca i xerinola!<br \/>\nLes consignes s\u00f3n:<br \/>\n\u2013 Dilluns 24 de febrer: Comoditat i festa, tothom amb pijama ha de venir.<\/p>\n<p>\u2013 Dimarts 25 de febrer: Per celebrar el carnaval&hellip;  <a href=\"https:\/\/agora.xtec.cat\/escolalavilapalamos\/general\/carnaval\/\" title=\"Read Carnaval 2025\">Llegeix m\u00e9s\u00bb<\/a><\/p>\n","protected":false},"author":1,"featured_media":0,"comment_status":"open","ping_status":"closed","sticky":false,"template":"","format":"standard","meta":{"_bbp_topic_count":0,"_bbp_reply_count":0,"_bbp_total_topic_count":0,"_bbp_total_reply_count":0,"_bbp_voice_count":0,"_bbp_anonymous_reply_count":0,"_bbp_topic_count_hidden":0,"_bbp_reply_count_hidden":0,"_bbp_forum_subforum_count":0,"footnotes":""},"categories":[1,4],"tags":[],"class_list":["post-15385","post","type-post","status-publish","format-standard","hentry","category-general","category-portada"],"post_mailing_queue_ids":[],"_links":{"self":[{"href":"https:\/\/agora.xtec.cat\/escolalavilapalamos\/wp-json\/wp\/v2\/posts\/15385","targetHints":{"allow":["GET"]}}],"collection":[{"href":"https:\/\/agora.xtec.cat\/escolalavilapalamos\/wp-json\/wp\/v2\/posts"}],"about":[{"href":"https:\/\/agora.xtec.cat\/escolalavilapalamos\/wp-json\/wp\/v2\/types\/post"}],"author":[{"embeddable":true,"href":"https:\/\/agora.xtec.cat\/escolalavilapalamos\/wp-json\/wp\/v2\/users\/1"}],"replies":[{"embeddable":true,"href":"https:\/\/agora.xtec.cat\/escolalavilapalamos\/wp-json\/wp\/v2\/comments?post=15385"}],"version-history":[{"count":5,"href":"https:\/\/agora.xtec.cat\/escolalavilapalamos\/wp-json\/wp\/v2\/posts\/15385\/revisions"}],"predecessor-version":[{"id":15405,"href":"https:\/\/agora.xtec.cat\/escolalavilapalamos\/wp-json\/wp\/v2\/posts\/15385\/revisions\/15405"}],"wp:attachment":[{"href":"https:\/\/agora.xtec.cat\/escolalavilapalamos\/wp-json\/wp\/v2\/media?parent=15385"}],"wp:term":[{"taxonomy":"category","embeddable":true,"href":"https:\/\/agora.xtec.cat\/escolalavilapalamos\/wp-json\/wp\/v2\/categories?post=15385"},{"taxonomy":"post_tag","embeddable":true,"href":"https:\/\/agora.xtec.cat\/escolalavilapalamos\/wp-json\/wp\/v2\/tags?post=15385"}],"curies":[{"name":"wp","href":"https:\/\/api.w.org\/{rel}","templated":true}]}}