{"id":15369,"date":"2025-02-17T13:09:40","date_gmt":"2025-02-17T12:09:40","guid":{"rendered":"https:\/\/agora.xtec.cat\/escolalavilapalamos\/?p=15369"},"modified":"2025-02-17T13:09:40","modified_gmt":"2025-02-17T12:09:40","slug":"quart-participa-en-una-activitat-de-fototrampeig","status":"publish","type":"post","link":"https:\/\/agora.xtec.cat\/escolalavilapalamos\/general\/quart-participa-en-una-activitat-de-fototrampeig\/","title":{"rendered":"QUART PARTICIPA EN UNA ACTIVITAT DE FOTOTRAMPEIG"},"content":{"rendered":"<p><span style=\"font-weight: 400;\">Els nenes i nenes de quart estan immersos en el treball globalitzat sobre els \u00e9ssers vius. Una de les tasques que estan duent a terme aquests dies, juntament amb els seus companys i companyes del comit\u00e8 verd, \u00e9s la instal\u00b7laci\u00f3 de c\u00e0meres de fototrampeig al bosc per observar alguns dels animals que viuen a l\u2019entorn de Palam\u00f3s.<\/span><\/p>\n<p><span style=\"font-weight: 400;\">Aquesta activitat forma part del projecte <\/span><b>Arrelats a la fauna del nostre entorn<\/b><span style=\"font-weight: 400;\"> en el que participen totes les escoles del Baix Empord\u00e0 que estan dins del projecte d\u2019<\/span><b>Escoles Verdes<\/b><span style=\"font-weight: 400;\">. Les dades recollides pels nens i nenes, es pujaran a una base de dades que servir\u00e0 per a estudis de fauna. Aquesta activitat, doncs, no nom\u00e9s ens serveix per aprendre, sin\u00f3 que ens permet participar en una proposta de ci\u00e8ncia ciutadana.<\/span><\/p>\n<p>Podeu veure les fotos accedint <a href=\"https:\/\/agora.xtec.cat\/escolalavilapalamos\/general\/fotos-fototrampeig\/\">aqu\u00ed<\/a><\/p>\n<p><a href=\"https:\/\/agora.xtec.cat\/escolalavilapalamos\/wp-content\/uploads\/usu897\/2025\/02\/IMG_8453-2-scaled.jpg\"><img loading=\"lazy\" decoding=\"async\" class=\"aligncenter  wp-image-15373\" src=\"https:\/\/agora.xtec.cat\/escolalavilapalamos\/wp-content\/uploads\/usu897\/2025\/02\/IMG_8453-2-768x1024.jpg\" alt=\"\" width=\"224\" height=\"298\" srcset=\"https:\/\/agora.xtec.cat\/escolalavilapalamos\/wp-content\/uploads\/usu897\/2025\/02\/IMG_8453-2-768x1024.jpg 768w, https:\/\/agora.xtec.cat\/escolalavilapalamos\/wp-content\/uploads\/usu897\/2025\/02\/IMG_8453-2-225x300.jpg 225w, https:\/\/agora.xtec.cat\/escolalavilapalamos\/wp-content\/uploads\/usu897\/2025\/02\/IMG_8453-2-1152x1536.jpg 1152w, https:\/\/agora.xtec.cat\/escolalavilapalamos\/wp-content\/uploads\/usu897\/2025\/02\/IMG_8453-2-1536x2048.jpg 1536w, https:\/\/agora.xtec.cat\/escolalavilapalamos\/wp-content\/uploads\/usu897\/2025\/02\/IMG_8453-2-scaled.jpg 1920w\" sizes=\"auto, (max-width: 224px) 100vw, 224px\" \/><\/a><\/p>\n","protected":false},"excerpt":{"rendered":"<p>Els nenes i nenes de quart estan immersos en el treball globalitzat sobre els \u00e9ssers vius. Una de les tasques que estan duent a terme aquests dies, juntament amb els seus companys i companyes del comit\u00e8 verd, \u00e9s la instal\u00b7laci\u00f3 de c\u00e0meres de fototrampeig al&hellip;  <a href=\"https:\/\/agora.xtec.cat\/escolalavilapalamos\/general\/quart-participa-en-una-activitat-de-fototrampeig\/\" title=\"Read QUART PARTICIPA EN UNA ACTIVITAT DE FOTOTRAMPEIG\">Llegeix m\u00e9s\u00bb<\/a><\/p>\n","protected":false},"author":132,"featured_media":0,"comment_status":"open","ping_status":"closed","sticky":false,"template":"","format":"standard","meta":{"_bbp_topic_count":0,"_bbp_reply_count":0,"_bbp_total_topic_count":0,"_bbp_total_reply_count":0,"_bbp_voice_count":0,"_bbp_anonymous_reply_count":0,"_bbp_topic_count_hidden":0,"_bbp_reply_count_hidden":0,"_bbp_forum_subforum_count":0,"footnotes":""},"categories":[128,1,4],"tags":[],"class_list":["post-15369","post","type-post","status-publish","format-standard","hentry","category-comunitat-de-grans","category-general","category-portada"],"post_mailing_queue_ids":[],"_links":{"self":[{"href":"https:\/\/agora.xtec.cat\/escolalavilapalamos\/wp-json\/wp\/v2\/posts\/15369","targetHints":{"allow":["GET"]}}],"collection":[{"href":"https:\/\/agora.xtec.cat\/escolalavilapalamos\/wp-json\/wp\/v2\/posts"}],"about":[{"href":"https:\/\/agora.xtec.cat\/escolalavilapalamos\/wp-json\/wp\/v2\/types\/post"}],"author":[{"embeddable":true,"href":"https:\/\/agora.xtec.cat\/escolalavilapalamos\/wp-json\/wp\/v2\/users\/132"}],"replies":[{"embeddable":true,"href":"https:\/\/agora.xtec.cat\/escolalavilapalamos\/wp-json\/wp\/v2\/comments?post=15369"}],"version-history":[{"count":2,"href":"https:\/\/agora.xtec.cat\/escolalavilapalamos\/wp-json\/wp\/v2\/posts\/15369\/revisions"}],"predecessor-version":[{"id":15374,"href":"https:\/\/agora.xtec.cat\/escolalavilapalamos\/wp-json\/wp\/v2\/posts\/15369\/revisions\/15374"}],"wp:attachment":[{"href":"https:\/\/agora.xtec.cat\/escolalavilapalamos\/wp-json\/wp\/v2\/media?parent=15369"}],"wp:term":[{"taxonomy":"category","embeddable":true,"href":"https:\/\/agora.xtec.cat\/escolalavilapalamos\/wp-json\/wp\/v2\/categories?post=15369"},{"taxonomy":"post_tag","embeddable":true,"href":"https:\/\/agora.xtec.cat\/escolalavilapalamos\/wp-json\/wp\/v2\/tags?post=15369"}],"curies":[{"name":"wp","href":"https:\/\/api.w.org\/{rel}","templated":true}]}}