{"id":15358,"date":"2025-02-17T09:59:12","date_gmt":"2025-02-17T08:59:12","guid":{"rendered":"https:\/\/agora.xtec.cat\/escolalavilapalamos\/?p=15358"},"modified":"2025-02-17T09:59:12","modified_gmt":"2025-02-17T08:59:12","slug":"regata-infantil-internacional-palamos-optimist-trophy-35th","status":"publish","type":"post","link":"https:\/\/agora.xtec.cat\/escolalavilapalamos\/portada\/regata-infantil-internacional-palamos-optimist-trophy-35th\/","title":{"rendered":"Regata infantil internacional Palam\u00f3s Optimist Trophy 35th"},"content":{"rendered":"<p>&nbsp;<\/p>\n<p style=\"text-align: center;\"><a href=\"https:\/\/agora.xtec.cat\/escolalavilapalamos\/wp-content\/uploads\/usu897\/2025\/02\/optimist.jpg\"><img loading=\"lazy\" decoding=\"async\" class=\"aligncenter wp-image-15359\" src=\"https:\/\/agora.xtec.cat\/escolalavilapalamos\/wp-content\/uploads\/usu897\/2025\/02\/optimist.jpg\" alt=\"\" width=\"263\" height=\"328\" \/><\/a><\/p>\n<p>Si hi ha una regata al mo\u0301n que ha tingut una evolucio\u0301 constant en la vela infantil, aquesta no ha estat una altra que la\u00a0<strong>Palamo\u0301s Optimist Trophy-Nations Cup<\/strong>, la segona regata de vela infantil me\u0301s important del mo\u0301n en nombre d\u2019inscrits en l\u2019actualitat i que amb l&#8217;organitzaci\u00f3 del\u00a0<strong>Club N\u00e0utic Costa Brava-Vela Palam\u00f3s<\/strong>, ha esdevingut una regata de refer\u00e8ncia en el m\u00f3n de la vela, amb la participaci\u00f3 de regatistes arribats dels 5 continents. Dimecres 12 i divendres 14 de febrer, l&#8217;alumnat de 6\u00e8 va visitar i con\u00e8ixer de ben a prop aquesta reconeguda regata que enguany ha celebrat la 35ena edici\u00f3. Van con\u00e8ixer quin tipus d&#8217;embarcaci\u00f3 hi participa, com es desenvolupa la competici\u00f3 i fins i tot van poder parlar amb regatistes d&#8217;arreu del m\u00f3n. Va ser una experi\u00e8ncia molt interessant i divertida.<\/p>\n<p>Podeu veure les fotos accedint <a href=\"https:\/\/agora.xtec.cat\/escolalavilapalamos\/general\/regata-infantil-internacional-palamos-optimist-trophy-35-fotos\/\">aqu\u00ed.<\/a><\/p>\n","protected":false},"excerpt":{"rendered":"<p>&nbsp;<br \/>\n<a href=\"https:\/\/agora.xtec.cat\/escolalavilapalamos\/wp-content\/uploads\/usu897\/2025\/02\/optimist.jpg\"><\/a><br \/>\nSi hi ha una regata al mo\u0301n que ha tingut una evolucio\u0301 constant en la vela infantil, aquesta no ha estat una altra que la\u00a0Palamo\u0301s Optimist Trophy-Nations Cup, la segona regata de vela infantil me\u0301s important del mo\u0301n en nombre d\u2019inscrits en l\u2019actualitat i&hellip;  <a href=\"https:\/\/agora.xtec.cat\/escolalavilapalamos\/portada\/regata-infantil-internacional-palamos-optimist-trophy-35th\/\" title=\"Read Regata infantil internacional Palam\u00f3s Optimist Trophy 35th\">Llegeix m\u00e9s\u00bb<\/a><\/p>\n","protected":false},"author":132,"featured_media":0,"comment_status":"open","ping_status":"closed","sticky":false,"template":"","format":"standard","meta":{"_bbp_topic_count":0,"_bbp_reply_count":0,"_bbp_total_topic_count":0,"_bbp_total_reply_count":0,"_bbp_voice_count":0,"_bbp_anonymous_reply_count":0,"_bbp_topic_count_hidden":0,"_bbp_reply_count_hidden":0,"_bbp_forum_subforum_count":0,"footnotes":""},"categories":[15,128,70,67,4,5],"tags":[],"class_list":["post-15358","post","type-post","status-publish","format-standard","hentry","category-6e","category-comunitat-de-grans","category-efi","category-especialistes","category-portada","category-primaria"],"post_mailing_queue_ids":[],"_links":{"self":[{"href":"https:\/\/agora.xtec.cat\/escolalavilapalamos\/wp-json\/wp\/v2\/posts\/15358","targetHints":{"allow":["GET"]}}],"collection":[{"href":"https:\/\/agora.xtec.cat\/escolalavilapalamos\/wp-json\/wp\/v2\/posts"}],"about":[{"href":"https:\/\/agora.xtec.cat\/escolalavilapalamos\/wp-json\/wp\/v2\/types\/post"}],"author":[{"embeddable":true,"href":"https:\/\/agora.xtec.cat\/escolalavilapalamos\/wp-json\/wp\/v2\/users\/132"}],"replies":[{"embeddable":true,"href":"https:\/\/agora.xtec.cat\/escolalavilapalamos\/wp-json\/wp\/v2\/comments?post=15358"}],"version-history":[{"count":3,"href":"https:\/\/agora.xtec.cat\/escolalavilapalamos\/wp-json\/wp\/v2\/posts\/15358\/revisions"}],"predecessor-version":[{"id":15364,"href":"https:\/\/agora.xtec.cat\/escolalavilapalamos\/wp-json\/wp\/v2\/posts\/15358\/revisions\/15364"}],"wp:attachment":[{"href":"https:\/\/agora.xtec.cat\/escolalavilapalamos\/wp-json\/wp\/v2\/media?parent=15358"}],"wp:term":[{"taxonomy":"category","embeddable":true,"href":"https:\/\/agora.xtec.cat\/escolalavilapalamos\/wp-json\/wp\/v2\/categories?post=15358"},{"taxonomy":"post_tag","embeddable":true,"href":"https:\/\/agora.xtec.cat\/escolalavilapalamos\/wp-json\/wp\/v2\/tags?post=15358"}],"curies":[{"name":"wp","href":"https:\/\/api.w.org\/{rel}","templated":true}]}}