{"id":15319,"date":"2025-02-06T15:52:25","date_gmt":"2025-02-06T14:52:25","guid":{"rendered":"https:\/\/agora.xtec.cat\/escolalavilapalamos\/?p=15319"},"modified":"2025-02-06T15:52:25","modified_gmt":"2025-02-06T14:52:25","slug":"viatge-final-de-curs-de-6e","status":"publish","type":"post","link":"https:\/\/agora.xtec.cat\/escolalavilapalamos\/general\/viatge-final-de-curs-de-6e\/","title":{"rendered":"Viatge final de curs de 6\u00e8"},"content":{"rendered":"<p style=\"text-align: left;\"><a href=\"https:\/\/agora.xtec.cat\/escolalavilapalamos\/wp-content\/uploads\/usu897\/2025\/02\/baixa.jpg\"><img loading=\"lazy\" decoding=\"async\" class=\"size-full wp-image-15320 alignright\" src=\"https:\/\/agora.xtec.cat\/escolalavilapalamos\/wp-content\/uploads\/usu897\/2025\/02\/baixa.jpg\" alt=\"\" width=\"225\" height=\"225\" srcset=\"https:\/\/agora.xtec.cat\/escolalavilapalamos\/wp-content\/uploads\/usu897\/2025\/02\/baixa.jpg 225w, https:\/\/agora.xtec.cat\/escolalavilapalamos\/wp-content\/uploads\/usu897\/2025\/02\/baixa-150x150.jpg 150w\" sizes=\"auto, (max-width: 225px) 100vw, 225px\" \/><\/a><\/p>\n<p class=\"cvGsUA direction-ltr align-start para-style-body\"><span class=\"OYPEnA font-feature-liga-off font-feature-clig-off font-feature-calt-off text-decoration-none text-strikethrough-none\">Aquest any, la colla de 6\u00e8 <\/span><span class=\"OYPEnA font-feature-liga-off font-feature-clig-off font-feature-calt-off text-decoration-none text-strikethrough-none\">anem de viatge al c\u00e0mping Torre la Mora de Tarragona i a Port Aventura els dies 28,29 i 30 de maig<\/span><\/p>\n<p>La col\u00b7laboraci\u00f3 de les fam\u00edlies en les activitats organitzades al llarg del curs passat ha fet que el viatge surti molt m\u00e9s econ\u00f2mic. Tamb\u00e9 comptem amb l\u2019ajut de l\u2019 AMPA que ens cobreix una part del transport. <strong>El preu total ser\u00e0 de 78\u20ac i ho repartim amb dos pagaments<\/strong>. El preu inclou: autocar, estada de dos dies al camping amb pensi\u00f3 completa, monitoratge, activitats esportives, entrada i dinar a Port Aventura .<\/p>\n<p><strong>El primer pagament \u00e9s de 40<span class=\"atwho-query\">\u20ac. Cal fer l\u2019ingr\u00e9s del 3 al 10 de febrer.<br \/>\n<\/span><\/strong><\/p>\n<p>S\u2019ha de retornar l\u2019autoritzaci\u00f3 i el resguard de pagament a l\u2019escola. Us podeu descarregar la circular <a href=\"https:\/\/drive.google.com\/file\/d\/1TSGERAkCm5PAZUKYFpMgxMdxuBJpIyWA\/view?usp=sharing\">aqu\u00ed<\/a><\/p>\n","protected":false},"excerpt":{"rendered":"<p><a href=\"https:\/\/agora.xtec.cat\/escolalavilapalamos\/wp-content\/uploads\/usu897\/2025\/02\/baixa.jpg\"><\/a><br \/>\nAquest any, la colla de 6\u00e8 anem de viatge al c\u00e0mping Torre la Mora de Tarragona i a Port Aventura els dies 28,29 i 30 de maig<br \/>\nLa col\u00b7laboraci\u00f3 de les fam\u00edlies en les activitats organitzades al llarg del curs passat ha fet que el&hellip;  <a href=\"https:\/\/agora.xtec.cat\/escolalavilapalamos\/general\/viatge-final-de-curs-de-6e\/\" title=\"Read Viatge final de curs de 6\u00e8\">Llegeix m\u00e9s\u00bb<\/a><\/p>\n","protected":false},"author":1,"featured_media":0,"comment_status":"open","ping_status":"closed","sticky":false,"template":"","format":"standard","meta":{"_bbp_topic_count":0,"_bbp_reply_count":0,"_bbp_total_topic_count":0,"_bbp_total_reply_count":0,"_bbp_voice_count":0,"_bbp_anonymous_reply_count":0,"_bbp_topic_count_hidden":0,"_bbp_reply_count_hidden":0,"_bbp_forum_subforum_count":0,"footnotes":""},"categories":[7,128,1,4,5],"tags":[],"class_list":["post-15319","post","type-post","status-publish","format-standard","hentry","category-ampa","category-comunitat-de-grans","category-general","category-portada","category-primaria"],"post_mailing_queue_ids":[],"_links":{"self":[{"href":"https:\/\/agora.xtec.cat\/escolalavilapalamos\/wp-json\/wp\/v2\/posts\/15319","targetHints":{"allow":["GET"]}}],"collection":[{"href":"https:\/\/agora.xtec.cat\/escolalavilapalamos\/wp-json\/wp\/v2\/posts"}],"about":[{"href":"https:\/\/agora.xtec.cat\/escolalavilapalamos\/wp-json\/wp\/v2\/types\/post"}],"author":[{"embeddable":true,"href":"https:\/\/agora.xtec.cat\/escolalavilapalamos\/wp-json\/wp\/v2\/users\/1"}],"replies":[{"embeddable":true,"href":"https:\/\/agora.xtec.cat\/escolalavilapalamos\/wp-json\/wp\/v2\/comments?post=15319"}],"version-history":[{"count":2,"href":"https:\/\/agora.xtec.cat\/escolalavilapalamos\/wp-json\/wp\/v2\/posts\/15319\/revisions"}],"predecessor-version":[{"id":15322,"href":"https:\/\/agora.xtec.cat\/escolalavilapalamos\/wp-json\/wp\/v2\/posts\/15319\/revisions\/15322"}],"wp:attachment":[{"href":"https:\/\/agora.xtec.cat\/escolalavilapalamos\/wp-json\/wp\/v2\/media?parent=15319"}],"wp:term":[{"taxonomy":"category","embeddable":true,"href":"https:\/\/agora.xtec.cat\/escolalavilapalamos\/wp-json\/wp\/v2\/categories?post=15319"},{"taxonomy":"post_tag","embeddable":true,"href":"https:\/\/agora.xtec.cat\/escolalavilapalamos\/wp-json\/wp\/v2\/tags?post=15319"}],"curies":[{"name":"wp","href":"https:\/\/api.w.org\/{rel}","templated":true}]}}