{"id":15310,"date":"2025-02-12T08:19:53","date_gmt":"2025-02-12T07:19:53","guid":{"rendered":"https:\/\/agora.xtec.cat\/escolalavilapalamos\/?p=15310"},"modified":"2025-02-12T08:31:18","modified_gmt":"2025-02-12T07:31:18","slug":"creem-faules-a-5e","status":"publish","type":"post","link":"https:\/\/agora.xtec.cat\/escolalavilapalamos\/general\/creem-faules-a-5e\/","title":{"rendered":"Creem faules a 5\u00e8."},"content":{"rendered":"<p>Els nois i les noies de 5\u00e8 hem estat treballant les faules a les estones d&#8217;expressi\u00f3 escrita.<\/p>\n<p>Hem creat faules amb uns protagonistes ben propers, diferents animals de les Gavarres, que a partir de les seves hist\u00f2ries transmeten ensenyaments ben especials. Una vegada escrit el text, hem recreat la nostra faula amb un format audiovisual i el resultat ha sigut molt xulo. Convidarem als nostres companys i companyes de la comunitat de petits a veure-les perqu\u00e8 ben segur que els encantaran!<\/p>\n<p>Si voleu passar una bona estona mirant les nostres faules, cliqueu a l&#8217;enlla\u00e7.<\/p>\n<p><a href=\"https:\/\/drive.google.com\/drive\/folders\/10JwUAZhELpEYd53PT45eOWwygikkR9OY?usp=drive_link\">FAULES 5\u00e8A<\/a><\/p>\n<p><a href=\"https:\/\/drive.google.com\/drive\/u\/0\/folders\/1MdfuPm0XlWFhVhDrYXjgqYMJVsTGm_Zt\">FAULES 5\u00e8B<\/a><\/p>\n","protected":false},"excerpt":{"rendered":"<p>Els nois i les noies de 5\u00e8 hem estat treballant les faules a les estones d&#8217;expressi\u00f3 escrita.<br \/>\nHem creat faules amb uns protagonistes ben propers, diferents animals de les Gavarres, que a partir de les seves hist\u00f2ries transmeten ensenyaments ben especials. Una vegada escrit el text,&hellip;  <a href=\"https:\/\/agora.xtec.cat\/escolalavilapalamos\/general\/creem-faules-a-5e\/\" title=\"Read Creem faules a 5\u00e8.\">Llegeix m\u00e9s\u00bb<\/a><\/p>\n","protected":false},"author":132,"featured_media":0,"comment_status":"open","ping_status":"closed","sticky":false,"template":"","format":"standard","meta":{"_bbp_topic_count":0,"_bbp_reply_count":0,"_bbp_total_topic_count":0,"_bbp_total_reply_count":0,"_bbp_voice_count":0,"_bbp_anonymous_reply_count":0,"_bbp_topic_count_hidden":0,"_bbp_reply_count_hidden":0,"_bbp_forum_subforum_count":0,"footnotes":""},"categories":[1,4],"tags":[],"class_list":["post-15310","post","type-post","status-publish","format-standard","hentry","category-general","category-portada"],"post_mailing_queue_ids":[],"_links":{"self":[{"href":"https:\/\/agora.xtec.cat\/escolalavilapalamos\/wp-json\/wp\/v2\/posts\/15310","targetHints":{"allow":["GET"]}}],"collection":[{"href":"https:\/\/agora.xtec.cat\/escolalavilapalamos\/wp-json\/wp\/v2\/posts"}],"about":[{"href":"https:\/\/agora.xtec.cat\/escolalavilapalamos\/wp-json\/wp\/v2\/types\/post"}],"author":[{"embeddable":true,"href":"https:\/\/agora.xtec.cat\/escolalavilapalamos\/wp-json\/wp\/v2\/users\/132"}],"replies":[{"embeddable":true,"href":"https:\/\/agora.xtec.cat\/escolalavilapalamos\/wp-json\/wp\/v2\/comments?post=15310"}],"version-history":[{"count":2,"href":"https:\/\/agora.xtec.cat\/escolalavilapalamos\/wp-json\/wp\/v2\/posts\/15310\/revisions"}],"predecessor-version":[{"id":15330,"href":"https:\/\/agora.xtec.cat\/escolalavilapalamos\/wp-json\/wp\/v2\/posts\/15310\/revisions\/15330"}],"wp:attachment":[{"href":"https:\/\/agora.xtec.cat\/escolalavilapalamos\/wp-json\/wp\/v2\/media?parent=15310"}],"wp:term":[{"taxonomy":"category","embeddable":true,"href":"https:\/\/agora.xtec.cat\/escolalavilapalamos\/wp-json\/wp\/v2\/categories?post=15310"},{"taxonomy":"post_tag","embeddable":true,"href":"https:\/\/agora.xtec.cat\/escolalavilapalamos\/wp-json\/wp\/v2\/tags?post=15310"}],"curies":[{"name":"wp","href":"https:\/\/api.w.org\/{rel}","templated":true}]}}