{"id":15294,"date":"2025-02-03T11:06:22","date_gmt":"2025-02-03T10:06:22","guid":{"rendered":"https:\/\/agora.xtec.cat\/escolalavilapalamos\/?p=15294"},"modified":"2025-02-03T11:06:22","modified_gmt":"2025-02-03T10:06:22","slug":"english-2nd-grade","status":"publish","type":"post","link":"https:\/\/agora.xtec.cat\/escolalavilapalamos\/general\/english-2nd-grade\/","title":{"rendered":"ENGLISH 2nd GRADE"},"content":{"rendered":"<p>Hem comen\u00e7at el trimestre treballant &#8220;food&#8221;. Aprenem el vocabulari del menjar i les estructures necess\u00e0ries per a poder comunicar i preguntar sobre el que ens agrada i el que no &#8220;likes\/dislikes&#8221;.<\/p>\n<p>Tamb\u00e9 hem introdu\u00eft una novetat &#8220;the leader&#8221;. Cada sessi\u00f3 un nen o nena lidera l&#8217;estona de les rutines i utilitzant sempre la llengua anglesa va donant les instruccions als companys i companyes del grup. Ho fan genial!<\/p>\n<p>Podreu veure algunes imatges i v\u00eddeos clicant <a href=\"https:\/\/agora.xtec.cat\/escolalavilapalamos\/general\/link-english-2nd-grade\/\">aqu\u00ed.<\/a><\/p>\n<p><a href=\"https:\/\/agora.xtec.cat\/escolalavilapalamos\/wp-content\/uploads\/usu897\/2025\/02\/IMG_6959-rotated.jpg\"><img loading=\"lazy\" decoding=\"async\" class=\"size-medium wp-image-15295 aligncenter\" src=\"https:\/\/agora.xtec.cat\/escolalavilapalamos\/wp-content\/uploads\/usu897\/2025\/02\/IMG_6959-225x300.jpg\" alt=\"\" width=\"225\" height=\"300\" srcset=\"https:\/\/agora.xtec.cat\/escolalavilapalamos\/wp-content\/uploads\/usu897\/2025\/02\/IMG_6959-225x300.jpg 225w, https:\/\/agora.xtec.cat\/escolalavilapalamos\/wp-content\/uploads\/usu897\/2025\/02\/IMG_6959-rotated.jpg 480w\" sizes=\"auto, (max-width: 225px) 100vw, 225px\" \/><\/a><\/p>\n","protected":false},"excerpt":{"rendered":"<p>Hem comen\u00e7at el trimestre treballant &#8220;food&#8221;. Aprenem el vocabulari del menjar i les estructures necess\u00e0ries per a poder comunicar i preguntar sobre el que ens agrada i el que no &#8220;likes\/dislikes&#8221;.<br \/>\nTamb\u00e9 hem introdu\u00eft una novetat &#8220;the leader&#8221;. Cada sessi\u00f3 un nen o nena lidera l&#8217;estona&hellip;  <a href=\"https:\/\/agora.xtec.cat\/escolalavilapalamos\/general\/english-2nd-grade\/\" title=\"Read ENGLISH 2nd GRADE\">Llegeix m\u00e9s\u00bb<\/a><\/p>\n","protected":false},"author":131,"featured_media":0,"comment_status":"open","ping_status":"closed","sticky":false,"template":"","format":"standard","meta":{"_bbp_topic_count":0,"_bbp_reply_count":0,"_bbp_total_topic_count":0,"_bbp_total_reply_count":0,"_bbp_voice_count":0,"_bbp_anonymous_reply_count":0,"_bbp_topic_count_hidden":0,"_bbp_reply_count_hidden":0,"_bbp_forum_subforum_count":0,"footnotes":""},"categories":[127,1,4],"tags":[],"class_list":["post-15294","post","type-post","status-publish","format-standard","hentry","category-comunitat-de-mitjans","category-general","category-portada"],"post_mailing_queue_ids":[],"_links":{"self":[{"href":"https:\/\/agora.xtec.cat\/escolalavilapalamos\/wp-json\/wp\/v2\/posts\/15294","targetHints":{"allow":["GET"]}}],"collection":[{"href":"https:\/\/agora.xtec.cat\/escolalavilapalamos\/wp-json\/wp\/v2\/posts"}],"about":[{"href":"https:\/\/agora.xtec.cat\/escolalavilapalamos\/wp-json\/wp\/v2\/types\/post"}],"author":[{"embeddable":true,"href":"https:\/\/agora.xtec.cat\/escolalavilapalamos\/wp-json\/wp\/v2\/users\/131"}],"replies":[{"embeddable":true,"href":"https:\/\/agora.xtec.cat\/escolalavilapalamos\/wp-json\/wp\/v2\/comments?post=15294"}],"version-history":[{"count":2,"href":"https:\/\/agora.xtec.cat\/escolalavilapalamos\/wp-json\/wp\/v2\/posts\/15294\/revisions"}],"predecessor-version":[{"id":15304,"href":"https:\/\/agora.xtec.cat\/escolalavilapalamos\/wp-json\/wp\/v2\/posts\/15294\/revisions\/15304"}],"wp:attachment":[{"href":"https:\/\/agora.xtec.cat\/escolalavilapalamos\/wp-json\/wp\/v2\/media?parent=15294"}],"wp:term":[{"taxonomy":"category","embeddable":true,"href":"https:\/\/agora.xtec.cat\/escolalavilapalamos\/wp-json\/wp\/v2\/categories?post=15294"},{"taxonomy":"post_tag","embeddable":true,"href":"https:\/\/agora.xtec.cat\/escolalavilapalamos\/wp-json\/wp\/v2\/tags?post=15294"}],"curies":[{"name":"wp","href":"https:\/\/api.w.org\/{rel}","templated":true}]}}