{"id":15287,"date":"2025-02-03T11:01:40","date_gmt":"2025-02-03T10:01:40","guid":{"rendered":"https:\/\/agora.xtec.cat\/escolalavilapalamos\/?p=15287"},"modified":"2025-02-03T11:01:40","modified_gmt":"2025-02-03T10:01:40","slug":"escrivim-i-llegim-ritmes-a-1r","status":"publish","type":"post","link":"https:\/\/agora.xtec.cat\/escolalavilapalamos\/general\/escrivim-i-llegim-ritmes-a-1r\/","title":{"rendered":"Escrivim i llegim ritmes a 1r"},"content":{"rendered":"<p>Interpretar i crear ritmes \u00e9s una tasca que agrada molt i al mateix temps \u00e9s molt motivadora pels infants. L&#8217;assoliment progressiu dels ritmes, comen\u00e7ant per la negra i les corxeres, \u00e9s b\u00e0sic per tal de poder picar ritmes i escriure&#8217;ls. En un inici tot el treball es fa a trav\u00e9s del moviment, l&#8217;escolta i el joc musical. Consolidem el treball quan ja som capa\u00e7os de comen\u00e7ar a escriure petits ritmes de quatre pulsacions i saber-los interpretar. Amb els i les alumnes de 1r estem molt motivats i cada sessi\u00f3 \u00e9s un petit progr\u00e9s que ens motiva i ens fa gaudir de la m\u00fasica.<\/p>\n<p><a href=\"https:\/\/agora.xtec.cat\/escolalavilapalamos\/wp-content\/uploads\/usu897\/2025\/02\/IMG-20250130-WA0017-1-rotated.jpg\"><img loading=\"lazy\" decoding=\"async\" class=\"alignnone size-medium wp-image-15291\" src=\"https:\/\/agora.xtec.cat\/escolalavilapalamos\/wp-content\/uploads\/usu897\/2025\/02\/IMG-20250130-WA0017-1-300x225.jpg\" alt=\"\" width=\"300\" height=\"225\" srcset=\"https:\/\/agora.xtec.cat\/escolalavilapalamos\/wp-content\/uploads\/usu897\/2025\/02\/IMG-20250130-WA0017-1-300x225.jpg 300w, https:\/\/agora.xtec.cat\/escolalavilapalamos\/wp-content\/uploads\/usu897\/2025\/02\/IMG-20250130-WA0017-1-1024x768.jpg 1024w, https:\/\/agora.xtec.cat\/escolalavilapalamos\/wp-content\/uploads\/usu897\/2025\/02\/IMG-20250130-WA0017-1-768x576.jpg 768w, https:\/\/agora.xtec.cat\/escolalavilapalamos\/wp-content\/uploads\/usu897\/2025\/02\/IMG-20250130-WA0017-1-1536x1152.jpg 1536w, https:\/\/agora.xtec.cat\/escolalavilapalamos\/wp-content\/uploads\/usu897\/2025\/02\/IMG-20250130-WA0017-1-200x150.jpg 200w, https:\/\/agora.xtec.cat\/escolalavilapalamos\/wp-content\/uploads\/usu897\/2025\/02\/IMG-20250130-WA0017-1-rotated.jpg 2048w\" sizes=\"auto, (max-width: 300px) 100vw, 300px\" \/><\/a><a href=\"https:\/\/agora.xtec.cat\/escolalavilapalamos\/wp-content\/uploads\/usu897\/2025\/02\/IMG-20250130-WA0016-1-rotated.jpg\"><img loading=\"lazy\" decoding=\"async\" class=\"size-medium wp-image-15292 alignright\" src=\"https:\/\/agora.xtec.cat\/escolalavilapalamos\/wp-content\/uploads\/usu897\/2025\/02\/IMG-20250130-WA0016-1-300x225.jpg\" alt=\"\" width=\"300\" height=\"225\" srcset=\"https:\/\/agora.xtec.cat\/escolalavilapalamos\/wp-content\/uploads\/usu897\/2025\/02\/IMG-20250130-WA0016-1-300x225.jpg 300w, https:\/\/agora.xtec.cat\/escolalavilapalamos\/wp-content\/uploads\/usu897\/2025\/02\/IMG-20250130-WA0016-1-1024x768.jpg 1024w, https:\/\/agora.xtec.cat\/escolalavilapalamos\/wp-content\/uploads\/usu897\/2025\/02\/IMG-20250130-WA0016-1-768x576.jpg 768w, https:\/\/agora.xtec.cat\/escolalavilapalamos\/wp-content\/uploads\/usu897\/2025\/02\/IMG-20250130-WA0016-1-1536x1152.jpg 1536w, https:\/\/agora.xtec.cat\/escolalavilapalamos\/wp-content\/uploads\/usu897\/2025\/02\/IMG-20250130-WA0016-1-200x150.jpg 200w, https:\/\/agora.xtec.cat\/escolalavilapalamos\/wp-content\/uploads\/usu897\/2025\/02\/IMG-20250130-WA0016-1-rotated.jpg 2048w\" sizes=\"auto, (max-width: 300px) 100vw, 300px\" \/><\/a><\/p>\n","protected":false},"excerpt":{"rendered":"<p>Interpretar i crear ritmes \u00e9s una tasca que agrada molt i al mateix temps \u00e9s molt motivadora pels infants. L&#8217;assoliment progressiu dels ritmes, comen\u00e7ant per la negra i les corxeres, \u00e9s b\u00e0sic per tal de poder picar ritmes i escriure&#8217;ls. En un inici tot el&hellip;  <a href=\"https:\/\/agora.xtec.cat\/escolalavilapalamos\/general\/escrivim-i-llegim-ritmes-a-1r\/\" title=\"Read Escrivim i llegim ritmes a 1r\">Llegeix m\u00e9s\u00bb<\/a><\/p>\n","protected":false},"author":131,"featured_media":0,"comment_status":"open","ping_status":"closed","sticky":false,"template":"","format":"standard","meta":{"_bbp_topic_count":0,"_bbp_reply_count":0,"_bbp_total_topic_count":0,"_bbp_total_reply_count":0,"_bbp_voice_count":0,"_bbp_anonymous_reply_count":0,"_bbp_topic_count_hidden":0,"_bbp_reply_count_hidden":0,"_bbp_forum_subforum_count":0,"footnotes":""},"categories":[127,1,68,4],"tags":[],"class_list":["post-15287","post","type-post","status-publish","format-standard","hentry","category-comunitat-de-mitjans","category-general","category-musica","category-portada"],"post_mailing_queue_ids":[],"_links":{"self":[{"href":"https:\/\/agora.xtec.cat\/escolalavilapalamos\/wp-json\/wp\/v2\/posts\/15287","targetHints":{"allow":["GET"]}}],"collection":[{"href":"https:\/\/agora.xtec.cat\/escolalavilapalamos\/wp-json\/wp\/v2\/posts"}],"about":[{"href":"https:\/\/agora.xtec.cat\/escolalavilapalamos\/wp-json\/wp\/v2\/types\/post"}],"author":[{"embeddable":true,"href":"https:\/\/agora.xtec.cat\/escolalavilapalamos\/wp-json\/wp\/v2\/users\/131"}],"replies":[{"embeddable":true,"href":"https:\/\/agora.xtec.cat\/escolalavilapalamos\/wp-json\/wp\/v2\/comments?post=15287"}],"version-history":[{"count":2,"href":"https:\/\/agora.xtec.cat\/escolalavilapalamos\/wp-json\/wp\/v2\/posts\/15287\/revisions"}],"predecessor-version":[{"id":15293,"href":"https:\/\/agora.xtec.cat\/escolalavilapalamos\/wp-json\/wp\/v2\/posts\/15287\/revisions\/15293"}],"wp:attachment":[{"href":"https:\/\/agora.xtec.cat\/escolalavilapalamos\/wp-json\/wp\/v2\/media?parent=15287"}],"wp:term":[{"taxonomy":"category","embeddable":true,"href":"https:\/\/agora.xtec.cat\/escolalavilapalamos\/wp-json\/wp\/v2\/categories?post=15287"},{"taxonomy":"post_tag","embeddable":true,"href":"https:\/\/agora.xtec.cat\/escolalavilapalamos\/wp-json\/wp\/v2\/tags?post=15287"}],"curies":[{"name":"wp","href":"https:\/\/api.w.org\/{rel}","templated":true}]}}