{"id":15276,"date":"2025-02-03T11:00:53","date_gmt":"2025-02-03T10:00:53","guid":{"rendered":"https:\/\/agora.xtec.cat\/escolalavilapalamos\/?p=15276"},"modified":"2025-02-03T11:00:53","modified_gmt":"2025-02-03T10:00:53","slug":"i3-aprenem-a-diferenciar-el-so-i-el-silenci","status":"publish","type":"post","link":"https:\/\/agora.xtec.cat\/escolalavilapalamos\/general\/i3-aprenem-a-diferenciar-el-so-i-el-silenci\/","title":{"rendered":"I3. Aprenem a diferenciar el so i el silenci"},"content":{"rendered":"<p>A les hores de m\u00fasica els alumnes de I3 estem treballant la difer\u00e8ncia entre el so i el silenci. Ho hem fet cantant, ballant can\u00e7ons de so i silenci i tamb\u00e9 amb jocs de moviment. Per finalitzar aquest treball, dins la caixa de la sorpresa musical hi hem trobat diferents objectes i instruments. Despr\u00e9s d&#8217;escoltar i experimentar amb ells, hem fet dos grups: els que sonen i els que fan silenci. Tot aix\u00f2 acompanyat de la grafia que hi correspon.\u00a0 Aprendre a diferenciar el so i el silenci \u00e9s la base per iniciar el treball de les qualitats del so, que mica en mica anirem treballant durant aquest curs.<\/p>\n<p><img loading=\"lazy\" decoding=\"async\" class=\"size-medium wp-image-15280 aligncenter\" src=\"https:\/\/agora.xtec.cat\/escolalavilapalamos\/wp-content\/uploads\/usu897\/2025\/02\/WhatsApp-Image-2025-02-01-at-10.06.48-2-225x300.jpeg\" alt=\"\" width=\"225\" height=\"300\" srcset=\"https:\/\/agora.xtec.cat\/escolalavilapalamos\/wp-content\/uploads\/usu897\/2025\/02\/WhatsApp-Image-2025-02-01-at-10.06.48-2-225x300.jpeg 225w, https:\/\/agora.xtec.cat\/escolalavilapalamos\/wp-content\/uploads\/usu897\/2025\/02\/WhatsApp-Image-2025-02-01-at-10.06.48-2-768x1024.jpeg 768w, https:\/\/agora.xtec.cat\/escolalavilapalamos\/wp-content\/uploads\/usu897\/2025\/02\/WhatsApp-Image-2025-02-01-at-10.06.48-2-1152x1536.jpeg 1152w, https:\/\/agora.xtec.cat\/escolalavilapalamos\/wp-content\/uploads\/usu897\/2025\/02\/WhatsApp-Image-2025-02-01-at-10.06.48-2.jpeg 1536w\" sizes=\"auto, (max-width: 225px) 100vw, 225px\" \/><img loading=\"lazy\" decoding=\"async\" class=\"size-medium wp-image-15278 aligncenter\" src=\"https:\/\/agora.xtec.cat\/escolalavilapalamos\/wp-content\/uploads\/usu897\/2025\/02\/WhatsApp-Image-2025-02-01-at-10.06.48-1-1-300x225.jpeg\" alt=\"\" width=\"300\" height=\"225\" srcset=\"https:\/\/agora.xtec.cat\/escolalavilapalamos\/wp-content\/uploads\/usu897\/2025\/02\/WhatsApp-Image-2025-02-01-at-10.06.48-1-1-300x225.jpeg 300w, https:\/\/agora.xtec.cat\/escolalavilapalamos\/wp-content\/uploads\/usu897\/2025\/02\/WhatsApp-Image-2025-02-01-at-10.06.48-1-1-1024x768.jpeg 1024w, https:\/\/agora.xtec.cat\/escolalavilapalamos\/wp-content\/uploads\/usu897\/2025\/02\/WhatsApp-Image-2025-02-01-at-10.06.48-1-1-768x576.jpeg 768w, https:\/\/agora.xtec.cat\/escolalavilapalamos\/wp-content\/uploads\/usu897\/2025\/02\/WhatsApp-Image-2025-02-01-at-10.06.48-1-1-1536x1152.jpeg 1536w, https:\/\/agora.xtec.cat\/escolalavilapalamos\/wp-content\/uploads\/usu897\/2025\/02\/WhatsApp-Image-2025-02-01-at-10.06.48-1-1-200x150.jpeg 200w, https:\/\/agora.xtec.cat\/escolalavilapalamos\/wp-content\/uploads\/usu897\/2025\/02\/WhatsApp-Image-2025-02-01-at-10.06.48-1-1-rotated.jpeg 2048w\" sizes=\"auto, (max-width: 300px) 100vw, 300px\" \/><\/p>\n","protected":false},"excerpt":{"rendered":"<p>A les hores de m\u00fasica els alumnes de I3 estem treballant la difer\u00e8ncia entre el so i el silenci. Ho hem fet cantant, ballant can\u00e7ons de so i silenci i tamb\u00e9 amb jocs de moviment. Per finalitzar aquest treball, dins la caixa de la sorpresa&hellip;  <a href=\"https:\/\/agora.xtec.cat\/escolalavilapalamos\/general\/i3-aprenem-a-diferenciar-el-so-i-el-silenci\/\" title=\"Read I3. Aprenem a diferenciar el so i el silenci\">Llegeix m\u00e9s\u00bb<\/a><\/p>\n","protected":false},"author":128,"featured_media":0,"comment_status":"open","ping_status":"closed","sticky":false,"template":"","format":"standard","meta":{"_bbp_topic_count":0,"_bbp_reply_count":0,"_bbp_total_topic_count":0,"_bbp_total_reply_count":0,"_bbp_voice_count":0,"_bbp_anonymous_reply_count":0,"_bbp_topic_count_hidden":0,"_bbp_reply_count_hidden":0,"_bbp_forum_subforum_count":0,"footnotes":""},"categories":[2,1,68,4],"tags":[],"class_list":["post-15276","post","type-post","status-publish","format-standard","hentry","category-infantil","category-general","category-musica","category-portada"],"post_mailing_queue_ids":[],"_links":{"self":[{"href":"https:\/\/agora.xtec.cat\/escolalavilapalamos\/wp-json\/wp\/v2\/posts\/15276","targetHints":{"allow":["GET"]}}],"collection":[{"href":"https:\/\/agora.xtec.cat\/escolalavilapalamos\/wp-json\/wp\/v2\/posts"}],"about":[{"href":"https:\/\/agora.xtec.cat\/escolalavilapalamos\/wp-json\/wp\/v2\/types\/post"}],"author":[{"embeddable":true,"href":"https:\/\/agora.xtec.cat\/escolalavilapalamos\/wp-json\/wp\/v2\/users\/128"}],"replies":[{"embeddable":true,"href":"https:\/\/agora.xtec.cat\/escolalavilapalamos\/wp-json\/wp\/v2\/comments?post=15276"}],"version-history":[{"count":3,"href":"https:\/\/agora.xtec.cat\/escolalavilapalamos\/wp-json\/wp\/v2\/posts\/15276\/revisions"}],"predecessor-version":[{"id":15299,"href":"https:\/\/agora.xtec.cat\/escolalavilapalamos\/wp-json\/wp\/v2\/posts\/15276\/revisions\/15299"}],"wp:attachment":[{"href":"https:\/\/agora.xtec.cat\/escolalavilapalamos\/wp-json\/wp\/v2\/media?parent=15276"}],"wp:term":[{"taxonomy":"category","embeddable":true,"href":"https:\/\/agora.xtec.cat\/escolalavilapalamos\/wp-json\/wp\/v2\/categories?post=15276"},{"taxonomy":"post_tag","embeddable":true,"href":"https:\/\/agora.xtec.cat\/escolalavilapalamos\/wp-json\/wp\/v2\/tags?post=15276"}],"curies":[{"name":"wp","href":"https:\/\/api.w.org\/{rel}","templated":true}]}}