{"id":15261,"date":"2025-02-04T14:48:04","date_gmt":"2025-02-04T13:48:04","guid":{"rendered":"https:\/\/agora.xtec.cat\/escolalavilapalamos\/?p=15261"},"modified":"2025-02-04T14:48:04","modified_gmt":"2025-02-04T13:48:04","slug":"coneixem-el-cos-huma-2n","status":"publish","type":"post","link":"https:\/\/agora.xtec.cat\/escolalavilapalamos\/general\/coneixem-el-cos-huma-2n\/","title":{"rendered":"CONEIXEM EL COS HUM\u00c0 &#8211; 2n"},"content":{"rendered":"<p><a href=\"https:\/\/agora.xtec.cat\/escolalavilapalamos\/wp-content\/uploads\/usu897\/2025\/01\/IMG_20250116_151217-scaled.jpg\"><img loading=\"lazy\" decoding=\"async\" class=\"alignnone size-medium wp-image-15262\" src=\"https:\/\/agora.xtec.cat\/escolalavilapalamos\/wp-content\/uploads\/usu897\/2025\/01\/IMG_20250116_151217-291x300.jpg\" alt=\"\" width=\"291\" height=\"300\" srcset=\"https:\/\/agora.xtec.cat\/escolalavilapalamos\/wp-content\/uploads\/usu897\/2025\/01\/IMG_20250116_151217-291x300.jpg 291w, https:\/\/agora.xtec.cat\/escolalavilapalamos\/wp-content\/uploads\/usu897\/2025\/01\/IMG_20250116_151217-993x1024.jpg 993w, https:\/\/agora.xtec.cat\/escolalavilapalamos\/wp-content\/uploads\/usu897\/2025\/01\/IMG_20250116_151217-768x792.jpg 768w, https:\/\/agora.xtec.cat\/escolalavilapalamos\/wp-content\/uploads\/usu897\/2025\/01\/IMG_20250116_151217-1489x1536.jpg 1489w, https:\/\/agora.xtec.cat\/escolalavilapalamos\/wp-content\/uploads\/usu897\/2025\/01\/IMG_20250116_151217-1985x2048.jpg 1985w\" sizes=\"auto, (max-width: 291px) 100vw, 291px\" \/><\/a><\/p>\n<p>Els nens i nenes de 2n a treball globalitzat hem estat coneixent el cos hum\u00e0: esquelet, m\u00fasculs i articulacions. I com treballen conjuntament per permetre\u2019ns moure, caminar, saltar i fer altres activitats di\u00e0ries.<\/p>\n<p>A m\u00e9s, hem dedicat temps a parlar sobre els h\u00e0bits saludables, com ara la import\u00e0ncia de menjar b\u00e9, fer exercici i cuidar el nostre cos per sentir-nos b\u00e9 i tenir energia.<\/p>\n<p>Podeu veure les fotos accedint <a href=\"https:\/\/agora.xtec.cat\/escolalavilapalamos\/general\/fotos-cos-huma-2n\/\">aqu\u00ed<\/a><\/p>\n<p>&nbsp;<\/p>\n","protected":false},"excerpt":{"rendered":"<p><a href=\"https:\/\/agora.xtec.cat\/escolalavilapalamos\/wp-content\/uploads\/usu897\/2025\/01\/IMG_20250116_151217-scaled.jpg\"><\/a><br \/>\nEls nens i nenes de 2n a treball globalitzat hem estat coneixent el cos hum\u00e0: esquelet, m\u00fasculs i articulacions. I com treballen conjuntament per permetre\u2019ns moure, caminar, saltar i fer altres activitats di\u00e0ries.<br \/>\nA m\u00e9s, hem dedicat temps a parlar sobre els h\u00e0bits saludables, com&hellip;  <a href=\"https:\/\/agora.xtec.cat\/escolalavilapalamos\/general\/coneixem-el-cos-huma-2n\/\" title=\"Read CONEIXEM EL COS HUM\u00c0 &#8211; 2n\">Llegeix m\u00e9s\u00bb<\/a><\/p>\n","protected":false},"author":131,"featured_media":0,"comment_status":"open","ping_status":"closed","sticky":false,"template":"","format":"standard","meta":{"_bbp_topic_count":0,"_bbp_reply_count":0,"_bbp_total_topic_count":0,"_bbp_total_reply_count":0,"_bbp_voice_count":0,"_bbp_anonymous_reply_count":0,"_bbp_topic_count_hidden":0,"_bbp_reply_count_hidden":0,"_bbp_forum_subforum_count":0,"footnotes":""},"categories":[127,1,4],"tags":[],"class_list":["post-15261","post","type-post","status-publish","format-standard","hentry","category-comunitat-de-mitjans","category-general","category-portada"],"post_mailing_queue_ids":[],"_links":{"self":[{"href":"https:\/\/agora.xtec.cat\/escolalavilapalamos\/wp-json\/wp\/v2\/posts\/15261","targetHints":{"allow":["GET"]}}],"collection":[{"href":"https:\/\/agora.xtec.cat\/escolalavilapalamos\/wp-json\/wp\/v2\/posts"}],"about":[{"href":"https:\/\/agora.xtec.cat\/escolalavilapalamos\/wp-json\/wp\/v2\/types\/post"}],"author":[{"embeddable":true,"href":"https:\/\/agora.xtec.cat\/escolalavilapalamos\/wp-json\/wp\/v2\/users\/131"}],"replies":[{"embeddable":true,"href":"https:\/\/agora.xtec.cat\/escolalavilapalamos\/wp-json\/wp\/v2\/comments?post=15261"}],"version-history":[{"count":3,"href":"https:\/\/agora.xtec.cat\/escolalavilapalamos\/wp-json\/wp\/v2\/posts\/15261\/revisions"}],"predecessor-version":[{"id":15309,"href":"https:\/\/agora.xtec.cat\/escolalavilapalamos\/wp-json\/wp\/v2\/posts\/15261\/revisions\/15309"}],"wp:attachment":[{"href":"https:\/\/agora.xtec.cat\/escolalavilapalamos\/wp-json\/wp\/v2\/media?parent=15261"}],"wp:term":[{"taxonomy":"category","embeddable":true,"href":"https:\/\/agora.xtec.cat\/escolalavilapalamos\/wp-json\/wp\/v2\/categories?post=15261"},{"taxonomy":"post_tag","embeddable":true,"href":"https:\/\/agora.xtec.cat\/escolalavilapalamos\/wp-json\/wp\/v2\/tags?post=15261"}],"curies":[{"name":"wp","href":"https:\/\/api.w.org\/{rel}","templated":true}]}}