{"id":15241,"date":"2025-01-30T15:48:35","date_gmt":"2025-01-30T14:48:35","guid":{"rendered":"https:\/\/agora.xtec.cat\/escolalavilapalamos\/?p=15241"},"modified":"2025-01-30T15:48:35","modified_gmt":"2025-01-30T14:48:35","slug":"viatgem-a-6e-descobrim-les-comarques-de-catalunya","status":"publish","type":"post","link":"https:\/\/agora.xtec.cat\/escolalavilapalamos\/general\/viatgem-a-6e-descobrim-les-comarques-de-catalunya\/","title":{"rendered":"Viatgem a 6\u00e8: descobrim les comarques de Catalunya!"},"content":{"rendered":"<p>Aquest curs, els alumnes de 6\u00e8 ens hem endinsat en el fascinant m\u00f3n de les comarques de Catalunya a trav\u00e9s del Viatgem, realitzant un projecte innovador i molt participatiu. A partir del treball en grups de 3 o 4 alumnes, cada equip s\u2019ha especialitzat en unes comarques concretes, aprofundint en les seves caracter\u00edstiques, cultura, gastronomia, relleu i aspectes m\u00e9s rellevants.<\/p>\n<p>L\u2019objectiu d\u2019aquesta feina no \u00e9s nom\u00e9s con\u00e8ixer millor el nostre territori, sin\u00f3 tamb\u00e9 treballar en equip, sintetitzar la informaci\u00f3 i aprendre a comunicar-la de manera clara i atractiva. Per aix\u00f2, cada grup ha creat la seva pr\u00f2pia p\u00e0gina web mitjan\u00e7ant Google Sites, un espai on poden personalitzar el disseny, afegir imatges, mapes, v\u00eddeos i tota la informaci\u00f3 recopilada.<\/p>\n<p>A mesura que avancem en el projecte, compartim els nostres descobriments amb la resta de la classe, contrastant la informaci\u00f3 i millorant el nostre treball conjunt. L\u2019entusiasme que han mostrat els alumnes \u00e9s espectacular, ja que estan aprenent d\u2019una manera din\u00e0mica i pr\u00e0ctica.<\/p>\n<p>M\u00e9s endavant, organitzarem una exposici\u00f3 on convidarem les fam\u00edlies per mostrar el resultat final de la nostra feina. Ser\u00e0 una gran oportunitat perqu\u00e8 els alumnes presentin les seves webs i expliquin tot el que han apr\u00e8s sobre les comarques de Catalunya.<\/p>\n<p>Estem molt orgullosos de l\u2019esfor\u00e7 i la dedicaci\u00f3 de tots els alumnes en aquest projecte. Sens dubte, est\u00e0 sent una experi\u00e8ncia enriquidora que ens ajuda a con\u00e8ixer millor el nostre pa\u00eds i a desenvolupar habilitats molt valuoses per al futur.<\/p>\n<p>Podeu veure les fotos accedint<a href=\"https:\/\/agora.xtec.cat\/escolalavilapalamos\/general\/fotos-viatgem-per-catalunya-6e\/\"> aqu\u00ed<\/a>.<\/p>\n<p><a href=\"https:\/\/agora.xtec.cat\/escolalavilapalamos\/wp-content\/uploads\/usu897\/2025\/01\/Fons-viatgem.jpg\"><img loading=\"lazy\" decoding=\"async\" class=\"wp-image-15251 alignleft\" src=\"https:\/\/agora.xtec.cat\/escolalavilapalamos\/wp-content\/uploads\/usu897\/2025\/01\/Fons-viatgem.jpg\" alt=\"\" width=\"355\" height=\"251\" srcset=\"https:\/\/agora.xtec.cat\/escolalavilapalamos\/wp-content\/uploads\/usu897\/2025\/01\/Fons-viatgem.jpg 1132w, https:\/\/agora.xtec.cat\/escolalavilapalamos\/wp-content\/uploads\/usu897\/2025\/01\/Fons-viatgem-300x213.jpg 300w, https:\/\/agora.xtec.cat\/escolalavilapalamos\/wp-content\/uploads\/usu897\/2025\/01\/Fons-viatgem-1024x725.jpg 1024w, https:\/\/agora.xtec.cat\/escolalavilapalamos\/wp-content\/uploads\/usu897\/2025\/01\/Fons-viatgem-768x544.jpg 768w\" sizes=\"auto, (max-width: 355px) 100vw, 355px\" \/><\/a><\/p>\n<p>&nbsp;<\/p>\n<p>&nbsp;<\/p>\n<p>&nbsp;<\/p>\n<p>&nbsp;<\/p>\n<p>&nbsp;<\/p>\n","protected":false},"excerpt":{"rendered":"<p>Aquest curs, els alumnes de 6\u00e8 ens hem endinsat en el fascinant m\u00f3n de les comarques de Catalunya a trav\u00e9s del Viatgem, realitzant un projecte innovador i molt participatiu. A partir del treball en grups de 3 o 4 alumnes, cada equip s\u2019ha especialitzat en&hellip;  <a href=\"https:\/\/agora.xtec.cat\/escolalavilapalamos\/general\/viatgem-a-6e-descobrim-les-comarques-de-catalunya\/\" title=\"Read Viatgem a 6\u00e8: descobrim les comarques de Catalunya!\">Llegeix m\u00e9s\u00bb<\/a><\/p>\n","protected":false},"author":132,"featured_media":0,"comment_status":"closed","ping_status":"closed","sticky":false,"template":"","format":"standard","meta":{"_bbp_topic_count":0,"_bbp_reply_count":0,"_bbp_total_topic_count":0,"_bbp_total_reply_count":0,"_bbp_voice_count":0,"_bbp_anonymous_reply_count":0,"_bbp_topic_count_hidden":0,"_bbp_reply_count_hidden":0,"_bbp_forum_subforum_count":0,"footnotes":""},"categories":[128,1,4,5],"tags":[],"class_list":["post-15241","post","type-post","status-publish","format-standard","hentry","category-comunitat-de-grans","category-general","category-portada","category-primaria"],"post_mailing_queue_ids":[],"_links":{"self":[{"href":"https:\/\/agora.xtec.cat\/escolalavilapalamos\/wp-json\/wp\/v2\/posts\/15241","targetHints":{"allow":["GET"]}}],"collection":[{"href":"https:\/\/agora.xtec.cat\/escolalavilapalamos\/wp-json\/wp\/v2\/posts"}],"about":[{"href":"https:\/\/agora.xtec.cat\/escolalavilapalamos\/wp-json\/wp\/v2\/types\/post"}],"author":[{"embeddable":true,"href":"https:\/\/agora.xtec.cat\/escolalavilapalamos\/wp-json\/wp\/v2\/users\/132"}],"replies":[{"embeddable":true,"href":"https:\/\/agora.xtec.cat\/escolalavilapalamos\/wp-json\/wp\/v2\/comments?post=15241"}],"version-history":[{"count":4,"href":"https:\/\/agora.xtec.cat\/escolalavilapalamos\/wp-json\/wp\/v2\/posts\/15241\/revisions"}],"predecessor-version":[{"id":15270,"href":"https:\/\/agora.xtec.cat\/escolalavilapalamos\/wp-json\/wp\/v2\/posts\/15241\/revisions\/15270"}],"wp:attachment":[{"href":"https:\/\/agora.xtec.cat\/escolalavilapalamos\/wp-json\/wp\/v2\/media?parent=15241"}],"wp:term":[{"taxonomy":"category","embeddable":true,"href":"https:\/\/agora.xtec.cat\/escolalavilapalamos\/wp-json\/wp\/v2\/categories?post=15241"},{"taxonomy":"post_tag","embeddable":true,"href":"https:\/\/agora.xtec.cat\/escolalavilapalamos\/wp-json\/wp\/v2\/tags?post=15241"}],"curies":[{"name":"wp","href":"https:\/\/api.w.org\/{rel}","templated":true}]}}