{"id":15217,"date":"2025-01-23T15:24:41","date_gmt":"2025-01-23T14:24:41","guid":{"rendered":"https:\/\/agora.xtec.cat\/escolalavilapalamos\/?p=15217"},"modified":"2025-01-23T15:24:41","modified_gmt":"2025-01-23T14:24:41","slug":"a-1r-aprenem-a-escriure-amb-lletra-lligada","status":"publish","type":"post","link":"https:\/\/agora.xtec.cat\/escolalavilapalamos\/general\/a-1r-aprenem-a-escriure-amb-lletra-lligada\/","title":{"rendered":"A 1r aprenem a escriure amb lletra lligada"},"content":{"rendered":"<p><span style=\"font-family: 'Calibri',sans-serif;\">Aquesta setmana hem introdu\u00eft la lletra lligada a la classe, una tipologia de lletra que la veiem en alguns llibres de l\u2019aula, per\u00f2 que encara no ens hav\u00edem animat a escriure. Estem molt engrescats i motivats per aprendre-la.<\/span><\/p>\n<p><span style=\"font-family: 'Calibri',sans-serif;\">Cada setmana anirem introduint un seguit de lletres, i aix\u00ed de en mica les anirem aprenent totes. Primer les vam presentar, i les vam poder practicar a la pissarra. Despr\u00e9s, per parelles vam poder escriure-les a l\u2019esquena d\u2019un company\/a. Tamb\u00e9 vam sortir al pati per poder escriure-les a terra. <\/span><\/p>\n<p><span style=\"font-family: 'Calibri',sans-serif;\">Tot aquest treball previ ens ha servit, per finalment poder practicar el tra\u00e7 de les lletres dins de la pauta Montessori a la llibreta. Aquesta pauta ens servir\u00e0 per poder comen\u00e7ar a estructurar els escrits. <\/span><\/p>\n<p><span style=\"font-family: 'Calibri',sans-serif;\">Finalment, volem compartir amb vosaltres, que cada dia hi haur\u00e0 una \u00ablletra\u00bb que ser\u00e0 la contrasenya per poder entrar i sortir de l\u2019aula, aix\u00ed les anirem practicant en el nostre dia a dia. <\/span><\/p>\n<p><span style=\"font-family: 'Calibri',sans-serif;\">Podeu veure les fotos accedint <a href=\"https:\/\/agora.xtec.cat\/escolalavilapalamos\/general\/1r-fotos-lletra-lligada\/\">aqu\u00ed<\/a>.<\/span><\/p>\n<p><a href=\"https:\/\/agora.xtec.cat\/escolalavilapalamos\/wp-content\/uploads\/usu897\/2025\/01\/foto-principal.jpg\"><img loading=\"lazy\" decoding=\"async\" class=\"alignnone size-medium wp-image-15218\" src=\"https:\/\/agora.xtec.cat\/escolalavilapalamos\/wp-content\/uploads\/usu897\/2025\/01\/foto-principal-300x209.jpg\" alt=\"\" width=\"300\" height=\"209\" srcset=\"https:\/\/agora.xtec.cat\/escolalavilapalamos\/wp-content\/uploads\/usu897\/2025\/01\/foto-principal-300x209.jpg 300w, https:\/\/agora.xtec.cat\/escolalavilapalamos\/wp-content\/uploads\/usu897\/2025\/01\/foto-principal-1024x713.jpg 1024w, https:\/\/agora.xtec.cat\/escolalavilapalamos\/wp-content\/uploads\/usu897\/2025\/01\/foto-principal-768x535.jpg 768w, https:\/\/agora.xtec.cat\/escolalavilapalamos\/wp-content\/uploads\/usu897\/2025\/01\/foto-principal.jpg 1069w\" sizes=\"auto, (max-width: 300px) 100vw, 300px\" \/><\/a><\/p>\n","protected":false},"excerpt":{"rendered":"<p>Aquesta setmana hem introdu\u00eft la lletra lligada a la classe, una tipologia de lletra que la veiem en alguns llibres de l\u2019aula, per\u00f2 que encara no ens hav\u00edem animat a escriure. Estem molt engrescats i motivats per aprendre-la.<br \/>\nCada setmana anirem introduint un seguit de lletres,&hellip;  <a href=\"https:\/\/agora.xtec.cat\/escolalavilapalamos\/general\/a-1r-aprenem-a-escriure-amb-lletra-lligada\/\" title=\"Read A 1r aprenem a escriure amb lletra lligada\">Llegeix m\u00e9s\u00bb<\/a><\/p>\n","protected":false},"author":131,"featured_media":0,"comment_status":"open","ping_status":"closed","sticky":false,"template":"","format":"standard","meta":{"_bbp_topic_count":0,"_bbp_reply_count":0,"_bbp_total_topic_count":0,"_bbp_total_reply_count":0,"_bbp_voice_count":0,"_bbp_anonymous_reply_count":0,"_bbp_topic_count_hidden":0,"_bbp_reply_count_hidden":0,"_bbp_forum_subforum_count":0,"footnotes":""},"categories":[127,1,4],"tags":[],"class_list":["post-15217","post","type-post","status-publish","format-standard","hentry","category-comunitat-de-mitjans","category-general","category-portada"],"post_mailing_queue_ids":[],"_links":{"self":[{"href":"https:\/\/agora.xtec.cat\/escolalavilapalamos\/wp-json\/wp\/v2\/posts\/15217","targetHints":{"allow":["GET"]}}],"collection":[{"href":"https:\/\/agora.xtec.cat\/escolalavilapalamos\/wp-json\/wp\/v2\/posts"}],"about":[{"href":"https:\/\/agora.xtec.cat\/escolalavilapalamos\/wp-json\/wp\/v2\/types\/post"}],"author":[{"embeddable":true,"href":"https:\/\/agora.xtec.cat\/escolalavilapalamos\/wp-json\/wp\/v2\/users\/131"}],"replies":[{"embeddable":true,"href":"https:\/\/agora.xtec.cat\/escolalavilapalamos\/wp-json\/wp\/v2\/comments?post=15217"}],"version-history":[{"count":3,"href":"https:\/\/agora.xtec.cat\/escolalavilapalamos\/wp-json\/wp\/v2\/posts\/15217\/revisions"}],"predecessor-version":[{"id":15225,"href":"https:\/\/agora.xtec.cat\/escolalavilapalamos\/wp-json\/wp\/v2\/posts\/15217\/revisions\/15225"}],"wp:attachment":[{"href":"https:\/\/agora.xtec.cat\/escolalavilapalamos\/wp-json\/wp\/v2\/media?parent=15217"}],"wp:term":[{"taxonomy":"category","embeddable":true,"href":"https:\/\/agora.xtec.cat\/escolalavilapalamos\/wp-json\/wp\/v2\/categories?post=15217"},{"taxonomy":"post_tag","embeddable":true,"href":"https:\/\/agora.xtec.cat\/escolalavilapalamos\/wp-json\/wp\/v2\/tags?post=15217"}],"curies":[{"name":"wp","href":"https:\/\/api.w.org\/{rel}","templated":true}]}}