{"id":15213,"date":"2025-01-24T12:51:43","date_gmt":"2025-01-24T11:51:43","guid":{"rendered":"https:\/\/agora.xtec.cat\/escolalavilapalamos\/?p=15213"},"modified":"2025-01-24T12:51:43","modified_gmt":"2025-01-24T11:51:43","slug":"sortida-pirates-i5","status":"publish","type":"post","link":"https:\/\/agora.xtec.cat\/escolalavilapalamos\/general\/sortida-pirates-i5\/","title":{"rendered":"SORTIDA PIRATES I5"},"content":{"rendered":"<p>Els infants d&#8217;I5 han viscut una jornada inoblidable gr\u00e0cies a una emocionant aventura pirata! Tot va comen\u00e7ar el dia abans de la sortida, quan a l\u2019escola van rebre un v\u00eddeo de la pirata Mery. Aquesta els va explicar que el temut pirata Barba-rossa li havia robat els seus tresors i els va demanar ajuda per recuperar-los. Per guiar-los, els va enviar un mapa ple de pistes i indicacions.<\/p>\n<p>El dia seg\u00fcent, amb el mapa en m\u00e0 i molta energia, els nens i nenes van comen\u00e7ar l\u2019aventura. La primera parada va ser el mirador de Francesc d\u2019Ass\u00eds Marull Savalls, des d\u2019on van contemplar unes vistes espectaculars del mar i van trobar el primer tresor de la Mery.<\/p>\n<p>El recorregut va continuar fins a la pla\u00e7a Murada, on, des del mirador, van poder observar el mar, el port i el Museu de la Pesca, comentant tot el que descobrien. A la seg\u00fcent parada, la pla\u00e7a de l\u2019Esgl\u00e9sia, van fer una pausa per esmorzar i, amb gran emoci\u00f3, van trobar el segon tresor. All\u00e0 tamb\u00e9 van aprendre una curiosa hist\u00f2ria: els pirates havien robat les campanes de l\u2019esgl\u00e9sia per fondre-les i fer-ne bales per als seus canons!<\/p>\n<p>La darrera etapa del recorregut els va portar al carrer del Perill. All\u00ed es van fer una foto de grup i van descobrir que aquest carrer havia estat utilitzat pels pirates per accedir a la vila de Palam\u00f3s.<\/p>\n<p>Aquest dia ple d\u2019activitats i descobertes va ser molt especial per als nens i nenes d&#8217;I5. No nom\u00e9s van ajudar la pirata Mery a recuperar els seus tresors, sin\u00f3 que tamb\u00e9 van aprendre coses sobre la hist\u00f2ria local i van viure una experi\u00e8ncia divertida i enriquidora que mai oblidaran!<\/p>\n<p>Podeu veure les fotos accedint <a href=\"https:\/\/agora.xtec.cat\/escolalavilapalamos\/general\/fotos-pirates\/\">aqu\u00ed<\/a>.<\/p>\n<p><img loading=\"lazy\" decoding=\"async\" class=\"aligncenter size-medium wp-image-15228\" src=\"https:\/\/agora.xtec.cat\/escolalavilapalamos\/wp-content\/uploads\/usu897\/2025\/01\/portada-225x300.jpg\" alt=\"\" width=\"225\" height=\"300\" srcset=\"https:\/\/agora.xtec.cat\/escolalavilapalamos\/wp-content\/uploads\/usu897\/2025\/01\/portada-225x300.jpg 225w, https:\/\/agora.xtec.cat\/escolalavilapalamos\/wp-content\/uploads\/usu897\/2025\/01\/portada-768x1024.jpg 768w, https:\/\/agora.xtec.cat\/escolalavilapalamos\/wp-content\/uploads\/usu897\/2025\/01\/portada-1152x1536.jpg 1152w, https:\/\/agora.xtec.cat\/escolalavilapalamos\/wp-content\/uploads\/usu897\/2025\/01\/portada.jpg 1200w\" sizes=\"auto, (max-width: 225px) 100vw, 225px\" \/><\/p>\n","protected":false},"excerpt":{"rendered":"<p>Els infants d&#8217;I5 han viscut una jornada inoblidable gr\u00e0cies a una emocionant aventura pirata! Tot va comen\u00e7ar el dia abans de la sortida, quan a l\u2019escola van rebre un v\u00eddeo de la pirata Mery. Aquesta els va explicar que el temut pirata Barba-rossa li havia&hellip;  <a href=\"https:\/\/agora.xtec.cat\/escolalavilapalamos\/general\/sortida-pirates-i5\/\" title=\"Read SORTIDA PIRATES I5\">Llegeix m\u00e9s\u00bb<\/a><\/p>\n","protected":false},"author":128,"featured_media":0,"comment_status":"open","ping_status":"closed","sticky":false,"template":"","format":"standard","meta":{"_bbp_topic_count":0,"_bbp_reply_count":0,"_bbp_total_topic_count":0,"_bbp_total_reply_count":0,"_bbp_voice_count":0,"_bbp_anonymous_reply_count":0,"_bbp_topic_count_hidden":0,"_bbp_reply_count_hidden":0,"_bbp_forum_subforum_count":0,"footnotes":""},"categories":[2,1,4],"tags":[],"class_list":["post-15213","post","type-post","status-publish","format-standard","hentry","category-infantil","category-general","category-portada"],"post_mailing_queue_ids":[],"_links":{"self":[{"href":"https:\/\/agora.xtec.cat\/escolalavilapalamos\/wp-json\/wp\/v2\/posts\/15213","targetHints":{"allow":["GET"]}}],"collection":[{"href":"https:\/\/agora.xtec.cat\/escolalavilapalamos\/wp-json\/wp\/v2\/posts"}],"about":[{"href":"https:\/\/agora.xtec.cat\/escolalavilapalamos\/wp-json\/wp\/v2\/types\/post"}],"author":[{"embeddable":true,"href":"https:\/\/agora.xtec.cat\/escolalavilapalamos\/wp-json\/wp\/v2\/users\/128"}],"replies":[{"embeddable":true,"href":"https:\/\/agora.xtec.cat\/escolalavilapalamos\/wp-json\/wp\/v2\/comments?post=15213"}],"version-history":[{"count":3,"href":"https:\/\/agora.xtec.cat\/escolalavilapalamos\/wp-json\/wp\/v2\/posts\/15213\/revisions"}],"predecessor-version":[{"id":15235,"href":"https:\/\/agora.xtec.cat\/escolalavilapalamos\/wp-json\/wp\/v2\/posts\/15213\/revisions\/15235"}],"wp:attachment":[{"href":"https:\/\/agora.xtec.cat\/escolalavilapalamos\/wp-json\/wp\/v2\/media?parent=15213"}],"wp:term":[{"taxonomy":"category","embeddable":true,"href":"https:\/\/agora.xtec.cat\/escolalavilapalamos\/wp-json\/wp\/v2\/categories?post=15213"},{"taxonomy":"post_tag","embeddable":true,"href":"https:\/\/agora.xtec.cat\/escolalavilapalamos\/wp-json\/wp\/v2\/tags?post=15213"}],"curies":[{"name":"wp","href":"https:\/\/api.w.org\/{rel}","templated":true}]}}