{"id":15204,"date":"2025-01-20T09:56:59","date_gmt":"2025-01-20T08:56:59","guid":{"rendered":"https:\/\/agora.xtec.cat\/escolalavilapalamos\/?p=15204"},"modified":"2025-01-20T09:56:59","modified_gmt":"2025-01-20T08:56:59","slug":"quart-taller-de-laigua","status":"publish","type":"post","link":"https:\/\/agora.xtec.cat\/escolalavilapalamos\/general\/quart-taller-de-laigua\/","title":{"rendered":"Quart: taller de l&#8217;aigua"},"content":{"rendered":"<p><span style=\"font-weight: 400;\">La setmana passada l\u2019Associaci\u00f3 Sorellona va venir a l\u2019escola a fer un taller sobre les depuradores amb els nens i nenes de quart. Amb aquesta activitat han aprofundit en els coneixements sobre l\u2019aigua que ja havien treballat al llarg del primer trimestre.<\/span><\/p>\n<p><span style=\"font-weight: 400;\">Amb aquest experiment donem per tancat el treball globalitzat sobre l\u2019aigua. A les fotos podreu observar algunes de les diferents propostes com la sortida al Museu de la pesca o el treball d\u2019aula.<\/span><\/p>\n<p><span style=\"font-weight: 400;\">L\u2019aigua \u00e9s un b\u00e9 esc\u00e0s i els nens i nenes de quart han apr\u00e8s que hem de fer tot el possible per no malgastar-lo.<\/span><\/p>\n<p>&nbsp;<\/p>\n<p>Podeu veure les fotos accedint <a href=\"https:\/\/agora.xtec.cat\/escolalavilapalamos\/general\/fotos-quart-taller-de-laigua\/\">aqu\u00ed.<\/a><\/p>\n<p><span style=\"font-weight: 400;\"><a href=\"https:\/\/agora.xtec.cat\/escolalavilapalamos\/wp-content\/uploads\/usu897\/2025\/01\/Idees-per-estalviar-aigua.png\"><img loading=\"lazy\" decoding=\"async\" class=\"aligncenter  wp-image-15205\" src=\"https:\/\/agora.xtec.cat\/escolalavilapalamos\/wp-content\/uploads\/usu897\/2025\/01\/Idees-per-estalviar-aigua.png\" alt=\"\" width=\"531\" height=\"751\" srcset=\"https:\/\/agora.xtec.cat\/escolalavilapalamos\/wp-content\/uploads\/usu897\/2025\/01\/Idees-per-estalviar-aigua.png 1414w, https:\/\/agora.xtec.cat\/escolalavilapalamos\/wp-content\/uploads\/usu897\/2025\/01\/Idees-per-estalviar-aigua-212x300.png 212w, https:\/\/agora.xtec.cat\/escolalavilapalamos\/wp-content\/uploads\/usu897\/2025\/01\/Idees-per-estalviar-aigua-724x1024.png 724w, https:\/\/agora.xtec.cat\/escolalavilapalamos\/wp-content\/uploads\/usu897\/2025\/01\/Idees-per-estalviar-aigua-768x1086.png 768w, https:\/\/agora.xtec.cat\/escolalavilapalamos\/wp-content\/uploads\/usu897\/2025\/01\/Idees-per-estalviar-aigua-1086x1536.png 1086w\" sizes=\"auto, (max-width: 531px) 100vw, 531px\" \/><\/a><\/span><\/p>\n","protected":false},"excerpt":{"rendered":"<p>La setmana passada l\u2019Associaci\u00f3 Sorellona va venir a l\u2019escola a fer un taller sobre les depuradores amb els nens i nenes de quart. Amb aquesta activitat han aprofundit en els coneixements sobre l\u2019aigua que ja havien treballat al llarg del primer trimestre.<br \/>\nAmb aquest experiment donem&hellip;  <a href=\"https:\/\/agora.xtec.cat\/escolalavilapalamos\/general\/quart-taller-de-laigua\/\" title=\"Read Quart: taller de l&#8217;aigua\">Llegeix m\u00e9s\u00bb<\/a><\/p>\n","protected":false},"author":132,"featured_media":0,"comment_status":"open","ping_status":"closed","sticky":false,"template":"","format":"standard","meta":{"_bbp_topic_count":0,"_bbp_reply_count":0,"_bbp_total_topic_count":0,"_bbp_total_reply_count":0,"_bbp_voice_count":0,"_bbp_anonymous_reply_count":0,"_bbp_topic_count_hidden":0,"_bbp_reply_count_hidden":0,"_bbp_forum_subforum_count":0,"footnotes":""},"categories":[128,1,4],"tags":[],"class_list":["post-15204","post","type-post","status-publish","format-standard","hentry","category-comunitat-de-grans","category-general","category-portada"],"post_mailing_queue_ids":[],"_links":{"self":[{"href":"https:\/\/agora.xtec.cat\/escolalavilapalamos\/wp-json\/wp\/v2\/posts\/15204","targetHints":{"allow":["GET"]}}],"collection":[{"href":"https:\/\/agora.xtec.cat\/escolalavilapalamos\/wp-json\/wp\/v2\/posts"}],"about":[{"href":"https:\/\/agora.xtec.cat\/escolalavilapalamos\/wp-json\/wp\/v2\/types\/post"}],"author":[{"embeddable":true,"href":"https:\/\/agora.xtec.cat\/escolalavilapalamos\/wp-json\/wp\/v2\/users\/132"}],"replies":[{"embeddable":true,"href":"https:\/\/agora.xtec.cat\/escolalavilapalamos\/wp-json\/wp\/v2\/comments?post=15204"}],"version-history":[{"count":2,"href":"https:\/\/agora.xtec.cat\/escolalavilapalamos\/wp-json\/wp\/v2\/posts\/15204\/revisions"}],"predecessor-version":[{"id":15209,"href":"https:\/\/agora.xtec.cat\/escolalavilapalamos\/wp-json\/wp\/v2\/posts\/15204\/revisions\/15209"}],"wp:attachment":[{"href":"https:\/\/agora.xtec.cat\/escolalavilapalamos\/wp-json\/wp\/v2\/media?parent=15204"}],"wp:term":[{"taxonomy":"category","embeddable":true,"href":"https:\/\/agora.xtec.cat\/escolalavilapalamos\/wp-json\/wp\/v2\/categories?post=15204"},{"taxonomy":"post_tag","embeddable":true,"href":"https:\/\/agora.xtec.cat\/escolalavilapalamos\/wp-json\/wp\/v2\/tags?post=15204"}],"curies":[{"name":"wp","href":"https:\/\/api.w.org\/{rel}","templated":true}]}}