{"id":15174,"date":"2025-01-09T17:05:51","date_gmt":"2025-01-09T16:05:51","guid":{"rendered":"https:\/\/agora.xtec.cat\/escolalavilapalamos\/?p=15174"},"modified":"2025-01-09T17:05:51","modified_gmt":"2025-01-09T16:05:51","slug":"el-nadal-a-lescola","status":"publish","type":"post","link":"https:\/\/agora.xtec.cat\/escolalavilapalamos\/general\/el-nadal-a-lescola\/","title":{"rendered":"El Nadal a l&#8217;Escola!"},"content":{"rendered":"<p>Dimecres vam tornar de les vacances de Nadal. Han passat uns quants dies d&#8217;en\u00e7\u00e0 que el vam celebrar a l&#8217;escola!<\/p>\n<p>A continuaci\u00f3 teniu un recull de fotos de quan els patges van passar per l&#8217;escola i tots els infants van poder rebre&#8217;ls al pati de l&#8217;escola. Tamb\u00e9 veureu com la comunitat de petits i la de mitjans, els van poder entregar la carta de desitjos i d&#8217;agra\u00efments al pavell\u00f3. A banda, tamb\u00e9 podreu veure algunes fotos de com vam fer cagar el ti\u00f3.<\/p>\n<p><img loading=\"lazy\" decoding=\"async\" class=\"wp-image-15175 alignleft\" src=\"https:\/\/agora.xtec.cat\/escolalavilapalamos\/wp-content\/uploads\/usu897\/2025\/01\/PXL_20241220_082536443.MP-2-1024x769.jpg\" alt=\"\" width=\"237\" height=\"178\" srcset=\"https:\/\/agora.xtec.cat\/escolalavilapalamos\/wp-content\/uploads\/usu897\/2025\/01\/PXL_20241220_082536443.MP-2-1024x769.jpg 1024w, https:\/\/agora.xtec.cat\/escolalavilapalamos\/wp-content\/uploads\/usu897\/2025\/01\/PXL_20241220_082536443.MP-2-300x225.jpg 300w, https:\/\/agora.xtec.cat\/escolalavilapalamos\/wp-content\/uploads\/usu897\/2025\/01\/PXL_20241220_082536443.MP-2-768x577.jpg 768w, https:\/\/agora.xtec.cat\/escolalavilapalamos\/wp-content\/uploads\/usu897\/2025\/01\/PXL_20241220_082536443.MP-2-1536x1153.jpg 1536w, https:\/\/agora.xtec.cat\/escolalavilapalamos\/wp-content\/uploads\/usu897\/2025\/01\/PXL_20241220_082536443.MP-2-2048x1538.jpg 2048w, https:\/\/agora.xtec.cat\/escolalavilapalamos\/wp-content\/uploads\/usu897\/2025\/01\/PXL_20241220_082536443.MP-2-200x150.jpg 200w\" sizes=\"auto, (max-width: 237px) 100vw, 237px\" \/><\/p>\n<p style=\"text-align: left;\">\n<p style=\"text-align: left;\"><a href=\"https:\/\/agora.xtec.cat\/escolalavilapalamos\/general\/fotos-patge-primaria\/\">FOTOS DEL TI\u00d3<\/a><\/p>\n<p style=\"text-align: left;\"><a href=\"https:\/\/agora.xtec.cat\/escolalavilapalamos\/general\/fotos-tio-primaria\/\">FOTOS DEL PATGE<\/a><\/p>\n<p style=\"text-align: center;\">\n<p style=\"text-align: center;\">\n<p>A m\u00e9s, aqu\u00ed t<span style=\"font-family: inherit; font-size: 1em;\">eniu un recull dels v\u00eddeos gravats de les diferents vetllades dutes a terme. Aprofitem per felicitar la feina feta a tots els grups! Vam poder gaudir d&#8217;unes magn\u00edfiques vetllades.\u00a0<\/span><\/p>\n<p style=\"text-align: center;\"><a href=\"https:\/\/agora.xtec.cat\/escolalavilapalamos\/general\/vetllada-1r-5e\/\">Vetllada 1r-5\u00e8<\/a><\/p>\n<p style=\"text-align: center;\"><a href=\"https:\/\/agora.xtec.cat\/escolalavilapalamos\/general\/vetllada-2n-4t\/\">Vetllada 2n-4t<\/a><\/p>\n<p style=\"text-align: center;\"><a href=\"https:\/\/agora.xtec.cat\/escolalavilapalamos\/general\/vetllada-3r-6e\/\">Vetllada 3r-6\u00e8<\/a><\/p>\n<p style=\"text-align: center;\">Vetllada petits: estem treballant per resoldre algunes incid\u00e8ncies que hem tingut amb el v\u00eddeo. Disculpeu les mol\u00e8sties.<\/p>\n","protected":false},"excerpt":{"rendered":"<p>Dimecres vam tornar de les vacances de Nadal. Han passat uns quants dies d&#8217;en\u00e7\u00e0 que el vam celebrar a l&#8217;escola!<br \/>\nA continuaci\u00f3 teniu un recull de fotos de quan els patges van passar per l&#8217;escola i tots els infants van poder rebre&#8217;ls al pati de l&#8217;escola.&hellip;  <a href=\"https:\/\/agora.xtec.cat\/escolalavilapalamos\/general\/el-nadal-a-lescola\/\" title=\"Read El Nadal a l&#8217;Escola!\">Llegeix m\u00e9s\u00bb<\/a><\/p>\n","protected":false},"author":1,"featured_media":0,"comment_status":"open","ping_status":"closed","sticky":false,"template":"","format":"standard","meta":{"_bbp_topic_count":0,"_bbp_reply_count":0,"_bbp_total_topic_count":0,"_bbp_total_reply_count":0,"_bbp_voice_count":0,"_bbp_anonymous_reply_count":0,"_bbp_topic_count_hidden":0,"_bbp_reply_count_hidden":0,"_bbp_forum_subforum_count":0,"footnotes":""},"categories":[128,127,2,1,4],"tags":[],"class_list":["post-15174","post","type-post","status-publish","format-standard","hentry","category-comunitat-de-grans","category-comunitat-de-mitjans","category-infantil","category-general","category-portada"],"post_mailing_queue_ids":[],"_links":{"self":[{"href":"https:\/\/agora.xtec.cat\/escolalavilapalamos\/wp-json\/wp\/v2\/posts\/15174","targetHints":{"allow":["GET"]}}],"collection":[{"href":"https:\/\/agora.xtec.cat\/escolalavilapalamos\/wp-json\/wp\/v2\/posts"}],"about":[{"href":"https:\/\/agora.xtec.cat\/escolalavilapalamos\/wp-json\/wp\/v2\/types\/post"}],"author":[{"embeddable":true,"href":"https:\/\/agora.xtec.cat\/escolalavilapalamos\/wp-json\/wp\/v2\/users\/1"}],"replies":[{"embeddable":true,"href":"https:\/\/agora.xtec.cat\/escolalavilapalamos\/wp-json\/wp\/v2\/comments?post=15174"}],"version-history":[{"count":1,"href":"https:\/\/agora.xtec.cat\/escolalavilapalamos\/wp-json\/wp\/v2\/posts\/15174\/revisions"}],"predecessor-version":[{"id":15186,"href":"https:\/\/agora.xtec.cat\/escolalavilapalamos\/wp-json\/wp\/v2\/posts\/15174\/revisions\/15186"}],"wp:attachment":[{"href":"https:\/\/agora.xtec.cat\/escolalavilapalamos\/wp-json\/wp\/v2\/media?parent=15174"}],"wp:term":[{"taxonomy":"category","embeddable":true,"href":"https:\/\/agora.xtec.cat\/escolalavilapalamos\/wp-json\/wp\/v2\/categories?post=15174"},{"taxonomy":"post_tag","embeddable":true,"href":"https:\/\/agora.xtec.cat\/escolalavilapalamos\/wp-json\/wp\/v2\/tags?post=15174"}],"curies":[{"name":"wp","href":"https:\/\/api.w.org\/{rel}","templated":true}]}}