{"id":15149,"date":"2024-12-19T14:46:57","date_gmt":"2024-12-19T13:46:57","guid":{"rendered":"https:\/\/agora.xtec.cat\/escolalavilapalamos\/?p=15149"},"modified":"2024-12-19T14:46:57","modified_gmt":"2024-12-19T13:46:57","slug":"4th-graders-as-weather-presenters","status":"publish","type":"post","link":"https:\/\/agora.xtec.cat\/escolalavilapalamos\/general\/4th-graders-as-weather-presenters\/","title":{"rendered":"4th graders as Weather Presenters!!"},"content":{"rendered":"<p>Els alumnes de 4t han fet d&#8217;aut\u00e8ntics dones i homes del temps a l&#8217;\u00e0rea d&#8217;English. Per parelles, han investigat el clima i la temperatura de sis ciutats del m\u00f3n i han preparat una presentaci\u00f3 amb Canva per explicar-ho a la classe.<\/p>\n<p>Durant la seva exposici\u00f3, han descrit el temps de cada ciutat utilitzant expressions com <em>It&#8217;s sunny in Sydney!<\/em> o <em>It&#8217;s raining in London and it&#8217;s 10 degrees!<\/em>. Ha estat una activitat divertida i enriquidora per practicar el vocabulari del temps, millorar la flu\u00efdesa oral i aprendre a treballar en equip.<\/p>\n<p>Great job, 4th graders!!<\/p>\n<p>Podeu veure els v\u00eddeos i presentacions de Canva accedint <a href=\"https:\/\/agora.xtec.cat\/escolalavilapalamos\/general\/videos-weather-presenters\/\">aqu\u00ed<\/a><\/p>\n","protected":false},"excerpt":{"rendered":"<p>Els alumnes de 4t han fet d&#8217;aut\u00e8ntics dones i homes del temps a l&#8217;\u00e0rea d&#8217;English. Per parelles, han investigat el clima i la temperatura de sis ciutats del m\u00f3n i han preparat una presentaci\u00f3 amb Canva per explicar-ho a la classe.<br \/>\nDurant la seva exposici\u00f3, han&hellip;  <a href=\"https:\/\/agora.xtec.cat\/escolalavilapalamos\/general\/4th-graders-as-weather-presenters\/\" title=\"Read 4th graders as Weather Presenters!!\">Llegeix m\u00e9s\u00bb<\/a><\/p>\n","protected":false},"author":132,"featured_media":0,"comment_status":"open","ping_status":"closed","sticky":false,"template":"","format":"standard","meta":{"_bbp_topic_count":0,"_bbp_reply_count":0,"_bbp_total_topic_count":0,"_bbp_total_reply_count":0,"_bbp_voice_count":0,"_bbp_anonymous_reply_count":0,"_bbp_topic_count_hidden":0,"_bbp_reply_count_hidden":0,"_bbp_forum_subforum_count":0,"footnotes":""},"categories":[128,67,1,4],"tags":[],"class_list":["post-15149","post","type-post","status-publish","format-standard","hentry","category-comunitat-de-grans","category-especialistes","category-general","category-portada"],"post_mailing_queue_ids":[],"_links":{"self":[{"href":"https:\/\/agora.xtec.cat\/escolalavilapalamos\/wp-json\/wp\/v2\/posts\/15149","targetHints":{"allow":["GET"]}}],"collection":[{"href":"https:\/\/agora.xtec.cat\/escolalavilapalamos\/wp-json\/wp\/v2\/posts"}],"about":[{"href":"https:\/\/agora.xtec.cat\/escolalavilapalamos\/wp-json\/wp\/v2\/types\/post"}],"author":[{"embeddable":true,"href":"https:\/\/agora.xtec.cat\/escolalavilapalamos\/wp-json\/wp\/v2\/users\/132"}],"replies":[{"embeddable":true,"href":"https:\/\/agora.xtec.cat\/escolalavilapalamos\/wp-json\/wp\/v2\/comments?post=15149"}],"version-history":[{"count":2,"href":"https:\/\/agora.xtec.cat\/escolalavilapalamos\/wp-json\/wp\/v2\/posts\/15149\/revisions"}],"predecessor-version":[{"id":15153,"href":"https:\/\/agora.xtec.cat\/escolalavilapalamos\/wp-json\/wp\/v2\/posts\/15149\/revisions\/15153"}],"wp:attachment":[{"href":"https:\/\/agora.xtec.cat\/escolalavilapalamos\/wp-json\/wp\/v2\/media?parent=15149"}],"wp:term":[{"taxonomy":"category","embeddable":true,"href":"https:\/\/agora.xtec.cat\/escolalavilapalamos\/wp-json\/wp\/v2\/categories?post=15149"},{"taxonomy":"post_tag","embeddable":true,"href":"https:\/\/agora.xtec.cat\/escolalavilapalamos\/wp-json\/wp\/v2\/tags?post=15149"}],"curies":[{"name":"wp","href":"https:\/\/api.w.org\/{rel}","templated":true}]}}