{"id":15141,"date":"2025-01-08T08:30:39","date_gmt":"2025-01-08T07:30:39","guid":{"rendered":"https:\/\/agora.xtec.cat\/escolalavilapalamos\/?p=15141"},"modified":"2024-12-16T15:48:17","modified_gmt":"2024-12-16T14:48:17","slug":"revisions-bucodentals-2","status":"publish","type":"post","link":"https:\/\/agora.xtec.cat\/escolalavilapalamos\/general\/revisions-bucodentals-2\/","title":{"rendered":"Revisions bucodentals"},"content":{"rendered":"<p><a href=\"https:\/\/agora.xtec.cat\/escolalavilapalamos\/wp-content\/uploads\/usu897\/2024\/12\/dental-care.jpg\"><img loading=\"lazy\" decoding=\"async\" class=\" wp-image-15142 alignright\" src=\"https:\/\/agora.xtec.cat\/escolalavilapalamos\/wp-content\/uploads\/usu897\/2024\/12\/dental-care.jpg\" alt=\"\" width=\"416\" height=\"413\" srcset=\"https:\/\/agora.xtec.cat\/escolalavilapalamos\/wp-content\/uploads\/usu897\/2024\/12\/dental-care.jpg 579w, https:\/\/agora.xtec.cat\/escolalavilapalamos\/wp-content\/uploads\/usu897\/2024\/12\/dental-care-300x298.jpg 300w, https:\/\/agora.xtec.cat\/escolalavilapalamos\/wp-content\/uploads\/usu897\/2024\/12\/dental-care-150x150.jpg 150w\" sizes=\"auto, (max-width: 416px) 100vw, 416px\" \/><\/a>Com cada any, aquest segon trimestre es dur\u00e0 a terme el programa de prevenci\u00f3 bucodental a l\u2019escola. Amb la coordinaci\u00f3 del Departament de Salut i del Departament d\u2019Ensenyament, facilitem a les fam\u00edlies la revisi\u00f3 anual bucodental dels seus fills i filles amb la finalitat d\u2019una millor prevenci\u00f3 i detecci\u00f3 de possibles problemes a curt, mitj\u00e0 i llarg termini.<\/p>\n<p>Enguany es faran revisions als seg\u00fcents cursos:<\/p>\n<p><strong>\u2013 6\u00e8: dimarts 14 de gener<\/strong><\/p>\n<p><strong>\u2013 1r: dimarts 21 de gener<\/strong><\/p>\n<p><strong>\u2013 I4: dimarts 28 de gener<\/strong><\/p>\n<p>Juntament amb la carta informativa, rebreu una autoritzaci\u00f3 que cal que retorneu a l\u2019escola el m\u00e9s aviat possible.<\/p>\n<p><a href=\"https:\/\/drive.google.com\/file\/d\/1qupgdf0lwdSZ0ADpGOiu_1uO3-eVecx8\/view?usp=sharing\">Circular i autoritzaci\u00f3 revisions bucodentals<\/a><\/p>\n","protected":false},"excerpt":{"rendered":"<p><a href=\"https:\/\/agora.xtec.cat\/escolalavilapalamos\/wp-content\/uploads\/usu897\/2024\/12\/dental-care.jpg\"><\/a>Com cada any, aquest segon trimestre es dur\u00e0 a terme el programa de prevenci\u00f3 bucodental a l\u2019escola. Amb la coordinaci\u00f3 del Departament de Salut i del Departament d\u2019Ensenyament, facilitem a les fam\u00edlies la revisi\u00f3 anual bucodental dels seus fills i filles amb la finalitat&hellip;  <a href=\"https:\/\/agora.xtec.cat\/escolalavilapalamos\/general\/revisions-bucodentals-2\/\" title=\"Read Revisions bucodentals\">Llegeix m\u00e9s\u00bb<\/a><\/p>\n","protected":false},"author":1,"featured_media":0,"comment_status":"open","ping_status":"closed","sticky":false,"template":"","format":"standard","meta":{"_bbp_topic_count":0,"_bbp_reply_count":0,"_bbp_total_topic_count":0,"_bbp_total_reply_count":0,"_bbp_voice_count":0,"_bbp_anonymous_reply_count":0,"_bbp_topic_count_hidden":0,"_bbp_reply_count_hidden":0,"_bbp_forum_subforum_count":0,"footnotes":""},"categories":[128,127,2,1,4,5],"tags":[],"class_list":["post-15141","post","type-post","status-publish","format-standard","hentry","category-comunitat-de-grans","category-comunitat-de-mitjans","category-infantil","category-general","category-portada","category-primaria"],"post_mailing_queue_ids":[],"_links":{"self":[{"href":"https:\/\/agora.xtec.cat\/escolalavilapalamos\/wp-json\/wp\/v2\/posts\/15141","targetHints":{"allow":["GET"]}}],"collection":[{"href":"https:\/\/agora.xtec.cat\/escolalavilapalamos\/wp-json\/wp\/v2\/posts"}],"about":[{"href":"https:\/\/agora.xtec.cat\/escolalavilapalamos\/wp-json\/wp\/v2\/types\/post"}],"author":[{"embeddable":true,"href":"https:\/\/agora.xtec.cat\/escolalavilapalamos\/wp-json\/wp\/v2\/users\/1"}],"replies":[{"embeddable":true,"href":"https:\/\/agora.xtec.cat\/escolalavilapalamos\/wp-json\/wp\/v2\/comments?post=15141"}],"version-history":[{"count":5,"href":"https:\/\/agora.xtec.cat\/escolalavilapalamos\/wp-json\/wp\/v2\/posts\/15141\/revisions"}],"predecessor-version":[{"id":15147,"href":"https:\/\/agora.xtec.cat\/escolalavilapalamos\/wp-json\/wp\/v2\/posts\/15141\/revisions\/15147"}],"wp:attachment":[{"href":"https:\/\/agora.xtec.cat\/escolalavilapalamos\/wp-json\/wp\/v2\/media?parent=15141"}],"wp:term":[{"taxonomy":"category","embeddable":true,"href":"https:\/\/agora.xtec.cat\/escolalavilapalamos\/wp-json\/wp\/v2\/categories?post=15141"},{"taxonomy":"post_tag","embeddable":true,"href":"https:\/\/agora.xtec.cat\/escolalavilapalamos\/wp-json\/wp\/v2\/tags?post=15141"}],"curies":[{"name":"wp","href":"https:\/\/api.w.org\/{rel}","templated":true}]}}