{"id":15138,"date":"2024-12-02T11:47:19","date_gmt":"2024-12-02T10:47:19","guid":{"rendered":"https:\/\/agora.xtec.cat\/escolalavilapalamos\/?p=15138"},"modified":"2024-12-02T11:47:19","modified_gmt":"2024-12-02T10:47:19","slug":"passaport-edunauta","status":"publish","type":"post","link":"https:\/\/agora.xtec.cat\/escolalavilapalamos\/infantil\/passaport-edunauta\/","title":{"rendered":"Passaport Edunauta"},"content":{"rendered":"<p><img loading=\"lazy\" decoding=\"async\" class=\"wp-image-15139 alignleft\" src=\"https:\/\/agora.xtec.cat\/escolalavilapalamos\/wp-content\/uploads\/usu897\/2024\/12\/edunauta-724x1024.jpg\" alt=\"\" width=\"371\" height=\"525\" srcset=\"https:\/\/agora.xtec.cat\/escolalavilapalamos\/wp-content\/uploads\/usu897\/2024\/12\/edunauta-724x1024.jpg 724w, https:\/\/agora.xtec.cat\/escolalavilapalamos\/wp-content\/uploads\/usu897\/2024\/12\/edunauta-212x300.jpg 212w, https:\/\/agora.xtec.cat\/escolalavilapalamos\/wp-content\/uploads\/usu897\/2024\/12\/edunauta-768x1086.jpg 768w, https:\/\/agora.xtec.cat\/escolalavilapalamos\/wp-content\/uploads\/usu897\/2024\/12\/edunauta-1087x1536.jpg 1087w, https:\/\/agora.xtec.cat\/escolalavilapalamos\/wp-content\/uploads\/usu897\/2024\/12\/edunauta-1449x2048.jpg 1449w, https:\/\/agora.xtec.cat\/escolalavilapalamos\/wp-content\/uploads\/usu897\/2024\/12\/edunauta-rotated.jpg 1755w\" sizes=\"auto, (max-width: 371px) 100vw, 371px\" \/>El passat dimarts 26 de novembre l&#8217;alumnat de 3r i 4t van anar a la Gorga per rebre\u00a0 el passaport Edunauta. Aquest, acompanyar\u00e0 als infants durant tot un curs escolar. Hi registraran i recolliran, l\u2019aprenentatge obtingut de les activitats en qu\u00e8 participen. Propostes encaminades a qu\u00e8 els infants continu\u00efn assolint coneixements participant en activitats molt adients per a ells, i que tenen lloc tant a l\u2019escola i a casa seva, com al municipi, dins i fora de l\u2019horari lectiu.<\/p>\n<p>A l&#8217;entrada de l&#8217;escola trobareu el programa del mes de desembre. Les activitats que s&#8217;ofereixen estan obertes a tothom.<\/p>\n<p>Us animeu?<\/p>\n<p>Som-hi Edunautes!<\/p>\n","protected":false},"excerpt":{"rendered":"<p>El passat dimarts 26 de novembre l&#8217;alumnat de 3r i 4t van anar a la Gorga per rebre\u00a0 el passaport Edunauta. Aquest, acompanyar\u00e0 als infants durant tot un curs escolar. Hi registraran i recolliran, l\u2019aprenentatge obtingut de les activitats en qu\u00e8 participen. Propostes encaminades a&hellip;  <a href=\"https:\/\/agora.xtec.cat\/escolalavilapalamos\/infantil\/passaport-edunauta\/\" title=\"Read Passaport Edunauta\">Llegeix m\u00e9s\u00bb<\/a><\/p>\n","protected":false},"author":1,"featured_media":0,"comment_status":"open","ping_status":"closed","sticky":false,"template":"","format":"standard","meta":{"_bbp_topic_count":0,"_bbp_reply_count":0,"_bbp_total_topic_count":0,"_bbp_total_reply_count":0,"_bbp_voice_count":0,"_bbp_anonymous_reply_count":0,"_bbp_topic_count_hidden":0,"_bbp_reply_count_hidden":0,"_bbp_forum_subforum_count":0,"footnotes":""},"categories":[128,127,2,4],"tags":[],"class_list":["post-15138","post","type-post","status-publish","format-standard","hentry","category-comunitat-de-grans","category-comunitat-de-mitjans","category-infantil","category-portada"],"post_mailing_queue_ids":[],"_links":{"self":[{"href":"https:\/\/agora.xtec.cat\/escolalavilapalamos\/wp-json\/wp\/v2\/posts\/15138","targetHints":{"allow":["GET"]}}],"collection":[{"href":"https:\/\/agora.xtec.cat\/escolalavilapalamos\/wp-json\/wp\/v2\/posts"}],"about":[{"href":"https:\/\/agora.xtec.cat\/escolalavilapalamos\/wp-json\/wp\/v2\/types\/post"}],"author":[{"embeddable":true,"href":"https:\/\/agora.xtec.cat\/escolalavilapalamos\/wp-json\/wp\/v2\/users\/1"}],"replies":[{"embeddable":true,"href":"https:\/\/agora.xtec.cat\/escolalavilapalamos\/wp-json\/wp\/v2\/comments?post=15138"}],"version-history":[{"count":1,"href":"https:\/\/agora.xtec.cat\/escolalavilapalamos\/wp-json\/wp\/v2\/posts\/15138\/revisions"}],"predecessor-version":[{"id":15140,"href":"https:\/\/agora.xtec.cat\/escolalavilapalamos\/wp-json\/wp\/v2\/posts\/15138\/revisions\/15140"}],"wp:attachment":[{"href":"https:\/\/agora.xtec.cat\/escolalavilapalamos\/wp-json\/wp\/v2\/media?parent=15138"}],"wp:term":[{"taxonomy":"category","embeddable":true,"href":"https:\/\/agora.xtec.cat\/escolalavilapalamos\/wp-json\/wp\/v2\/categories?post=15138"},{"taxonomy":"post_tag","embeddable":true,"href":"https:\/\/agora.xtec.cat\/escolalavilapalamos\/wp-json\/wp\/v2\/tags?post=15138"}],"curies":[{"name":"wp","href":"https:\/\/api.w.org\/{rel}","templated":true}]}}