{"id":15132,"date":"2024-11-30T12:58:39","date_gmt":"2024-11-30T11:58:39","guid":{"rendered":"https:\/\/agora.xtec.cat\/escolalavilapalamos\/?p=15132"},"modified":"2024-11-30T13:02:47","modified_gmt":"2024-11-30T12:02:47","slug":"notes-i-ritmes","status":"publish","type":"post","link":"https:\/\/agora.xtec.cat\/escolalavilapalamos\/general\/notes-i-ritmes\/","title":{"rendered":"Notes i ritmes"},"content":{"rendered":"<p>Els alumnes de 2n ja coneixen els ritmes de la negra, les corxeres i el silenci de la negra. Despr\u00e9s d&#8217;aprendre com sonen i s&#8217;interpreten a trav\u00e9s d&#8217;un conte, de jocs musicals i altres tipus de din\u00e0miques, hem posat melodia als nostres ritmes amb les notes de l&#8217;escala musical. En aquesta ocasi\u00f3 hem utilitzat les campanes musicals i les fitxes de les notes per ajudar-nos en aquesta tasca. Ens ho passem molt b\u00e9 tot experimentant i descobrint nous sabers musicals.<\/p>\n<p><a href=\"https:\/\/agora.xtec.cat\/escolalavilapalamos\/wp-content\/uploads\/usu897\/2024\/11\/WhatsApp-Image-2024-11-30-at-08.57.40.jpeg\"><img loading=\"lazy\" decoding=\"async\" class=\"size-medium wp-image-15134 aligncenter\" src=\"https:\/\/agora.xtec.cat\/escolalavilapalamos\/wp-content\/uploads\/usu897\/2024\/11\/WhatsApp-Image-2024-11-30-at-08.57.40-300x135.jpeg\" alt=\"\" width=\"300\" height=\"135\" srcset=\"https:\/\/agora.xtec.cat\/escolalavilapalamos\/wp-content\/uploads\/usu897\/2024\/11\/WhatsApp-Image-2024-11-30-at-08.57.40-300x135.jpeg 300w, https:\/\/agora.xtec.cat\/escolalavilapalamos\/wp-content\/uploads\/usu897\/2024\/11\/WhatsApp-Image-2024-11-30-at-08.57.40-1024x461.jpeg 1024w, https:\/\/agora.xtec.cat\/escolalavilapalamos\/wp-content\/uploads\/usu897\/2024\/11\/WhatsApp-Image-2024-11-30-at-08.57.40-768x346.jpeg 768w, https:\/\/agora.xtec.cat\/escolalavilapalamos\/wp-content\/uploads\/usu897\/2024\/11\/WhatsApp-Image-2024-11-30-at-08.57.40-1536x692.jpeg 1536w, https:\/\/agora.xtec.cat\/escolalavilapalamos\/wp-content\/uploads\/usu897\/2024\/11\/WhatsApp-Image-2024-11-30-at-08.57.40.jpeg 1600w\" sizes=\"auto, (max-width: 300px) 100vw, 300px\" \/><\/a><\/p>\n<p><a href=\"https:\/\/agora.xtec.cat\/escolalavilapalamos\/wp-content\/uploads\/usu897\/2024\/11\/WhatsApp-Image-2024-11-30-at-08.54.43.jpeg\"><img loading=\"lazy\" decoding=\"async\" class=\"wp-image-15133 aligncenter\" src=\"https:\/\/agora.xtec.cat\/escolalavilapalamos\/wp-content\/uploads\/usu897\/2024\/11\/WhatsApp-Image-2024-11-30-at-08.54.43-300x135.jpeg\" alt=\"\" width=\"313\" height=\"141\" srcset=\"https:\/\/agora.xtec.cat\/escolalavilapalamos\/wp-content\/uploads\/usu897\/2024\/11\/WhatsApp-Image-2024-11-30-at-08.54.43-300x135.jpeg 300w, https:\/\/agora.xtec.cat\/escolalavilapalamos\/wp-content\/uploads\/usu897\/2024\/11\/WhatsApp-Image-2024-11-30-at-08.54.43-1024x461.jpeg 1024w, https:\/\/agora.xtec.cat\/escolalavilapalamos\/wp-content\/uploads\/usu897\/2024\/11\/WhatsApp-Image-2024-11-30-at-08.54.43-768x346.jpeg 768w, https:\/\/agora.xtec.cat\/escolalavilapalamos\/wp-content\/uploads\/usu897\/2024\/11\/WhatsApp-Image-2024-11-30-at-08.54.43-1536x691.jpeg 1536w, https:\/\/agora.xtec.cat\/escolalavilapalamos\/wp-content\/uploads\/usu897\/2024\/11\/WhatsApp-Image-2024-11-30-at-08.54.43.jpeg 1600w\" sizes=\"auto, (max-width: 313px) 100vw, 313px\" \/><\/a><\/p>\n","protected":false},"excerpt":{"rendered":"<p>Els alumnes de 2n ja coneixen els ritmes de la negra, les corxeres i el silenci de la negra. Despr\u00e9s d&#8217;aprendre com sonen i s&#8217;interpreten a trav\u00e9s d&#8217;un conte, de jocs musicals i altres tipus de din\u00e0miques, hem posat melodia als nostres ritmes amb les&hellip;  <a href=\"https:\/\/agora.xtec.cat\/escolalavilapalamos\/general\/notes-i-ritmes\/\" title=\"Read Notes i ritmes\">Llegeix m\u00e9s\u00bb<\/a><\/p>\n","protected":false},"author":131,"featured_media":0,"comment_status":"open","ping_status":"closed","sticky":false,"template":"","format":"standard","meta":{"_bbp_topic_count":0,"_bbp_reply_count":0,"_bbp_total_topic_count":0,"_bbp_total_reply_count":0,"_bbp_voice_count":0,"_bbp_anonymous_reply_count":0,"_bbp_topic_count_hidden":0,"_bbp_reply_count_hidden":0,"_bbp_forum_subforum_count":0,"footnotes":""},"categories":[67,1,4],"tags":[],"class_list":["post-15132","post","type-post","status-publish","format-standard","hentry","category-especialistes","category-general","category-portada"],"post_mailing_queue_ids":[],"_links":{"self":[{"href":"https:\/\/agora.xtec.cat\/escolalavilapalamos\/wp-json\/wp\/v2\/posts\/15132","targetHints":{"allow":["GET"]}}],"collection":[{"href":"https:\/\/agora.xtec.cat\/escolalavilapalamos\/wp-json\/wp\/v2\/posts"}],"about":[{"href":"https:\/\/agora.xtec.cat\/escolalavilapalamos\/wp-json\/wp\/v2\/types\/post"}],"author":[{"embeddable":true,"href":"https:\/\/agora.xtec.cat\/escolalavilapalamos\/wp-json\/wp\/v2\/users\/131"}],"replies":[{"embeddable":true,"href":"https:\/\/agora.xtec.cat\/escolalavilapalamos\/wp-json\/wp\/v2\/comments?post=15132"}],"version-history":[{"count":3,"href":"https:\/\/agora.xtec.cat\/escolalavilapalamos\/wp-json\/wp\/v2\/posts\/15132\/revisions"}],"predecessor-version":[{"id":15137,"href":"https:\/\/agora.xtec.cat\/escolalavilapalamos\/wp-json\/wp\/v2\/posts\/15132\/revisions\/15137"}],"wp:attachment":[{"href":"https:\/\/agora.xtec.cat\/escolalavilapalamos\/wp-json\/wp\/v2\/media?parent=15132"}],"wp:term":[{"taxonomy":"category","embeddable":true,"href":"https:\/\/agora.xtec.cat\/escolalavilapalamos\/wp-json\/wp\/v2\/categories?post=15132"},{"taxonomy":"post_tag","embeddable":true,"href":"https:\/\/agora.xtec.cat\/escolalavilapalamos\/wp-json\/wp\/v2\/tags?post=15132"}],"curies":[{"name":"wp","href":"https:\/\/api.w.org\/{rel}","templated":true}]}}