{"id":15117,"date":"2024-11-28T08:54:24","date_gmt":"2024-11-28T07:54:24","guid":{"rendered":"https:\/\/agora.xtec.cat\/escolalavilapalamos\/?p=15117"},"modified":"2024-11-28T08:54:24","modified_gmt":"2024-11-28T07:54:24","slug":"sortida-al-port-de-palamos-6e","status":"publish","type":"post","link":"https:\/\/agora.xtec.cat\/escolalavilapalamos\/general\/sortida-al-port-de-palamos-6e\/","title":{"rendered":"Sortida al Port de Palam\u00f3s 6\u00e8"},"content":{"rendered":"<p>El passat dimarts dia 19 de novembre, les alumnes de 6\u00e8 vam anar a visitar el Port de Palam\u00f3s proposta del projecte d&#8217;entorn &#8220;Fem Arrels&#8221;. V\u00e0rem fer una ruta a peu per diferents indrets del port de Palam\u00f3s, planassa, pla\u00e7a de sant Pere, pla\u00e7a de la Catifa. Aquesta sortida ens va permetre veure l&#8217;evoluci\u00f3 del port al llarg dels anys, aix\u00ed com les seves funcions, usos, els protagonistes, etc.<\/p>\n<p>Mitjan\u00e7ant la visita, vam poder visitar els diferents espais relacionats amb el port i la pesca com: la subhasta del peix, l&#8217;estenedor de xarxes, l&#8217;espai peix, etc. Gr\u00e0cies a la sortida ara tenim nous coneixements sobre l&#8217;origen del port i la import\u00e0ncia de la pesca al poble de Palam\u00f3s.<\/p>\n<p>Podeu veure les fotos accedint <a href=\"https:\/\/agora.xtec.cat\/escolalavilapalamos\/general\/fotos-sortida-al-port-de-palamos-6e\/\">aqu\u00ed.<\/a><\/p>\n<p><a href=\"https:\/\/agora.xtec.cat\/escolalavilapalamos\/wp-content\/uploads\/usu897\/2024\/11\/Imatge-portada-Port.jpg\"><img loading=\"lazy\" decoding=\"async\" class=\"wp-image-15118 alignleft\" src=\"https:\/\/agora.xtec.cat\/escolalavilapalamos\/wp-content\/uploads\/usu897\/2024\/11\/Imatge-portada-Port.jpg\" alt=\"\" width=\"438\" height=\"315\" srcset=\"https:\/\/agora.xtec.cat\/escolalavilapalamos\/wp-content\/uploads\/usu897\/2024\/11\/Imatge-portada-Port.jpg 1137w, https:\/\/agora.xtec.cat\/escolalavilapalamos\/wp-content\/uploads\/usu897\/2024\/11\/Imatge-portada-Port-300x216.jpg 300w, https:\/\/agora.xtec.cat\/escolalavilapalamos\/wp-content\/uploads\/usu897\/2024\/11\/Imatge-portada-Port-1024x736.jpg 1024w, https:\/\/agora.xtec.cat\/escolalavilapalamos\/wp-content\/uploads\/usu897\/2024\/11\/Imatge-portada-Port-768x552.jpg 768w\" sizes=\"auto, (max-width: 438px) 100vw, 438px\" \/><\/a><\/p>\n","protected":false},"excerpt":{"rendered":"<p>El passat dimarts dia 19 de novembre, les alumnes de 6\u00e8 vam anar a visitar el Port de Palam\u00f3s proposta del projecte d&#8217;entorn &#8220;Fem Arrels&#8221;. V\u00e0rem fer una ruta a peu per diferents indrets del port de Palam\u00f3s, planassa, pla\u00e7a de sant Pere, pla\u00e7a de&hellip;  <a href=\"https:\/\/agora.xtec.cat\/escolalavilapalamos\/general\/sortida-al-port-de-palamos-6e\/\" title=\"Read Sortida al Port de Palam\u00f3s 6\u00e8\">Llegeix m\u00e9s\u00bb<\/a><\/p>\n","protected":false},"author":132,"featured_media":0,"comment_status":"closed","ping_status":"closed","sticky":false,"template":"","format":"standard","meta":{"_bbp_topic_count":0,"_bbp_reply_count":0,"_bbp_total_topic_count":0,"_bbp_total_reply_count":0,"_bbp_voice_count":0,"_bbp_anonymous_reply_count":0,"_bbp_topic_count_hidden":0,"_bbp_reply_count_hidden":0,"_bbp_forum_subforum_count":0,"footnotes":""},"categories":[128,1,4,5],"tags":[],"class_list":["post-15117","post","type-post","status-publish","format-standard","hentry","category-comunitat-de-grans","category-general","category-portada","category-primaria"],"post_mailing_queue_ids":[],"_links":{"self":[{"href":"https:\/\/agora.xtec.cat\/escolalavilapalamos\/wp-json\/wp\/v2\/posts\/15117","targetHints":{"allow":["GET"]}}],"collection":[{"href":"https:\/\/agora.xtec.cat\/escolalavilapalamos\/wp-json\/wp\/v2\/posts"}],"about":[{"href":"https:\/\/agora.xtec.cat\/escolalavilapalamos\/wp-json\/wp\/v2\/types\/post"}],"author":[{"embeddable":true,"href":"https:\/\/agora.xtec.cat\/escolalavilapalamos\/wp-json\/wp\/v2\/users\/132"}],"replies":[{"embeddable":true,"href":"https:\/\/agora.xtec.cat\/escolalavilapalamos\/wp-json\/wp\/v2\/comments?post=15117"}],"version-history":[{"count":2,"href":"https:\/\/agora.xtec.cat\/escolalavilapalamos\/wp-json\/wp\/v2\/posts\/15117\/revisions"}],"predecessor-version":[{"id":15123,"href":"https:\/\/agora.xtec.cat\/escolalavilapalamos\/wp-json\/wp\/v2\/posts\/15117\/revisions\/15123"}],"wp:attachment":[{"href":"https:\/\/agora.xtec.cat\/escolalavilapalamos\/wp-json\/wp\/v2\/media?parent=15117"}],"wp:term":[{"taxonomy":"category","embeddable":true,"href":"https:\/\/agora.xtec.cat\/escolalavilapalamos\/wp-json\/wp\/v2\/categories?post=15117"},{"taxonomy":"post_tag","embeddable":true,"href":"https:\/\/agora.xtec.cat\/escolalavilapalamos\/wp-json\/wp\/v2\/tags?post=15117"}],"curies":[{"name":"wp","href":"https:\/\/api.w.org\/{rel}","templated":true}]}}