{"id":15111,"date":"2024-11-25T17:17:17","date_gmt":"2024-11-25T16:17:17","guid":{"rendered":"https:\/\/agora.xtec.cat\/escolalavilapalamos\/?p=15111"},"modified":"2024-11-25T17:17:17","modified_gmt":"2024-11-25T16:17:17","slug":"a-2n-hem-finalitzat-piscina","status":"publish","type":"post","link":"https:\/\/agora.xtec.cat\/escolalavilapalamos\/portada\/a-2n-hem-finalitzat-piscina\/","title":{"rendered":"A 2n hem finalitzat piscina!"},"content":{"rendered":"<p><a href=\"https:\/\/agora.xtec.cat\/escolalavilapalamos\/wp-content\/uploads\/usu897\/2024\/11\/IMG-20241125-WA0003.jpg\"><img loading=\"lazy\" decoding=\"async\" class=\" wp-image-15114 aligncenter\" src=\"https:\/\/agora.xtec.cat\/escolalavilapalamos\/wp-content\/uploads\/usu897\/2024\/11\/IMG-20241125-WA0003-300x225.jpg\" alt=\"\" width=\"383\" height=\"287\" srcset=\"https:\/\/agora.xtec.cat\/escolalavilapalamos\/wp-content\/uploads\/usu897\/2024\/11\/IMG-20241125-WA0003-300x225.jpg 300w, https:\/\/agora.xtec.cat\/escolalavilapalamos\/wp-content\/uploads\/usu897\/2024\/11\/IMG-20241125-WA0003-1024x768.jpg 1024w, https:\/\/agora.xtec.cat\/escolalavilapalamos\/wp-content\/uploads\/usu897\/2024\/11\/IMG-20241125-WA0003-768x576.jpg 768w, https:\/\/agora.xtec.cat\/escolalavilapalamos\/wp-content\/uploads\/usu897\/2024\/11\/IMG-20241125-WA0003-1536x1152.jpg 1536w, https:\/\/agora.xtec.cat\/escolalavilapalamos\/wp-content\/uploads\/usu897\/2024\/11\/IMG-20241125-WA0003-200x150.jpg 200w, https:\/\/agora.xtec.cat\/escolalavilapalamos\/wp-content\/uploads\/usu897\/2024\/11\/IMG-20241125-WA0003.jpg 2048w\" sizes=\"auto, (max-width: 383px) 100vw, 383px\" \/><\/a><\/p>\n<p>A 2n hem anat a la piscina Mes Gavarres els mesos de setembre, octubre i novembre. Vam comen\u00e7ar a fer piscina el dilluns 16 de setembre i hem acabat el dilluns 25 de novembre. Aquests tres mesos hem apr\u00e8s a nedar i els que en sabien hem millorat l\u2019estil de nataci\u00f3. Aspectes m\u00e9s t\u00e8cnics com les flotacions ventrals i dorsals, el control de la respiraci\u00f3, propulsi\u00f3 de cames i els girs, hem treballat tot familiaritzant-nos amb el medi aqu\u00e0tic.<\/p>\n","protected":false},"excerpt":{"rendered":"<p><a href=\"https:\/\/agora.xtec.cat\/escolalavilapalamos\/wp-content\/uploads\/usu897\/2024\/11\/IMG-20241125-WA0003.jpg\"><\/a><br \/>\nA 2n hem anat a la piscina Mes Gavarres els mesos de setembre, octubre i novembre. Vam comen\u00e7ar a fer piscina el dilluns 16 de setembre i hem acabat el dilluns 25 de novembre. Aquests tres mesos hem apr\u00e8s a nedar i els que&hellip;  <a href=\"https:\/\/agora.xtec.cat\/escolalavilapalamos\/portada\/a-2n-hem-finalitzat-piscina\/\" title=\"Read A 2n hem finalitzat piscina!\">Llegeix m\u00e9s\u00bb<\/a><\/p>\n","protected":false},"author":131,"featured_media":0,"comment_status":"open","ping_status":"closed","sticky":false,"template":"","format":"standard","meta":{"_bbp_topic_count":0,"_bbp_reply_count":0,"_bbp_total_topic_count":0,"_bbp_total_reply_count":0,"_bbp_voice_count":0,"_bbp_anonymous_reply_count":0,"_bbp_topic_count_hidden":0,"_bbp_reply_count_hidden":0,"_bbp_forum_subforum_count":0,"footnotes":""},"categories":[127,70,67,4,5],"tags":[],"class_list":["post-15111","post","type-post","status-publish","format-standard","hentry","category-comunitat-de-mitjans","category-efi","category-especialistes","category-portada","category-primaria"],"post_mailing_queue_ids":[],"_links":{"self":[{"href":"https:\/\/agora.xtec.cat\/escolalavilapalamos\/wp-json\/wp\/v2\/posts\/15111","targetHints":{"allow":["GET"]}}],"collection":[{"href":"https:\/\/agora.xtec.cat\/escolalavilapalamos\/wp-json\/wp\/v2\/posts"}],"about":[{"href":"https:\/\/agora.xtec.cat\/escolalavilapalamos\/wp-json\/wp\/v2\/types\/post"}],"author":[{"embeddable":true,"href":"https:\/\/agora.xtec.cat\/escolalavilapalamos\/wp-json\/wp\/v2\/users\/131"}],"replies":[{"embeddable":true,"href":"https:\/\/agora.xtec.cat\/escolalavilapalamos\/wp-json\/wp\/v2\/comments?post=15111"}],"version-history":[{"count":3,"href":"https:\/\/agora.xtec.cat\/escolalavilapalamos\/wp-json\/wp\/v2\/posts\/15111\/revisions"}],"predecessor-version":[{"id":15116,"href":"https:\/\/agora.xtec.cat\/escolalavilapalamos\/wp-json\/wp\/v2\/posts\/15111\/revisions\/15116"}],"wp:attachment":[{"href":"https:\/\/agora.xtec.cat\/escolalavilapalamos\/wp-json\/wp\/v2\/media?parent=15111"}],"wp:term":[{"taxonomy":"category","embeddable":true,"href":"https:\/\/agora.xtec.cat\/escolalavilapalamos\/wp-json\/wp\/v2\/categories?post=15111"},{"taxonomy":"post_tag","embeddable":true,"href":"https:\/\/agora.xtec.cat\/escolalavilapalamos\/wp-json\/wp\/v2\/tags?post=15111"}],"curies":[{"name":"wp","href":"https:\/\/api.w.org\/{rel}","templated":true}]}}