{"id":15096,"date":"2024-11-22T15:44:56","date_gmt":"2024-11-22T14:44:56","guid":{"rendered":"https:\/\/agora.xtec.cat\/escolalavilapalamos\/?p=15096"},"modified":"2024-11-22T15:44:56","modified_gmt":"2024-11-22T14:44:56","slug":"visitem-el-museu-de-la-pesca-i5","status":"publish","type":"post","link":"https:\/\/agora.xtec.cat\/escolalavilapalamos\/general\/visitem-el-museu-de-la-pesca-i5\/","title":{"rendered":"Visitem el museu de la pesca I5"},"content":{"rendered":"<p>El dimecres dia 20 de novembre els nens i nenes d&#8217;I5 vam anar d&#8217;excursi\u00f3 al museu de la pesca. All\u00e0 vam fer un taller on ens vam explicar moltes coses i curiositats sobre els peixos de la mediterr\u00e0nia. Ens ho vam passar d&#8217;all\u00f2 m\u00e9s b\u00e9!<\/p>\n<p>Podeu veure les fotos accedint <a href=\"https:\/\/agora.xtec.cat\/escolalavilapalamos\/general\/fotos-museu-pesca-i5\/\">aqu\u00ed<\/a><\/p>\n<p><img loading=\"lazy\" decoding=\"async\" class=\"aligncenter size-medium wp-image-15097\" src=\"https:\/\/agora.xtec.cat\/escolalavilapalamos\/wp-content\/uploads\/usu897\/2024\/11\/portada-noticia-257x300.png\" alt=\"\" width=\"257\" height=\"300\" srcset=\"https:\/\/agora.xtec.cat\/escolalavilapalamos\/wp-content\/uploads\/usu897\/2024\/11\/portada-noticia-257x300.png 257w, https:\/\/agora.xtec.cat\/escolalavilapalamos\/wp-content\/uploads\/usu897\/2024\/11\/portada-noticia.png 372w\" sizes=\"auto, (max-width: 257px) 100vw, 257px\" \/><\/p>\n<p>&nbsp;<\/p>\n","protected":false},"excerpt":{"rendered":"<p>El dimecres dia 20 de novembre els nens i nenes d&#8217;I5 vam anar d&#8217;excursi\u00f3 al museu de la pesca. All\u00e0 vam fer un taller on ens vam explicar moltes coses i curiositats sobre els peixos de la mediterr\u00e0nia. Ens ho vam passar d&#8217;all\u00f2 m\u00e9s b\u00e9!<br \/>\nPodeu&hellip;  <a href=\"https:\/\/agora.xtec.cat\/escolalavilapalamos\/general\/visitem-el-museu-de-la-pesca-i5\/\" title=\"Read Visitem el museu de la pesca I5\">Llegeix m\u00e9s\u00bb<\/a><\/p>\n","protected":false},"author":128,"featured_media":0,"comment_status":"open","ping_status":"closed","sticky":false,"template":"","format":"standard","meta":{"_bbp_topic_count":0,"_bbp_reply_count":0,"_bbp_total_topic_count":0,"_bbp_total_reply_count":0,"_bbp_voice_count":0,"_bbp_anonymous_reply_count":0,"_bbp_topic_count_hidden":0,"_bbp_reply_count_hidden":0,"_bbp_forum_subforum_count":0,"footnotes":""},"categories":[2,1,4],"tags":[],"class_list":["post-15096","post","type-post","status-publish","format-standard","hentry","category-infantil","category-general","category-portada"],"post_mailing_queue_ids":[],"_links":{"self":[{"href":"https:\/\/agora.xtec.cat\/escolalavilapalamos\/wp-json\/wp\/v2\/posts\/15096","targetHints":{"allow":["GET"]}}],"collection":[{"href":"https:\/\/agora.xtec.cat\/escolalavilapalamos\/wp-json\/wp\/v2\/posts"}],"about":[{"href":"https:\/\/agora.xtec.cat\/escolalavilapalamos\/wp-json\/wp\/v2\/types\/post"}],"author":[{"embeddable":true,"href":"https:\/\/agora.xtec.cat\/escolalavilapalamos\/wp-json\/wp\/v2\/users\/128"}],"replies":[{"embeddable":true,"href":"https:\/\/agora.xtec.cat\/escolalavilapalamos\/wp-json\/wp\/v2\/comments?post=15096"}],"version-history":[{"count":3,"href":"https:\/\/agora.xtec.cat\/escolalavilapalamos\/wp-json\/wp\/v2\/posts\/15096\/revisions"}],"predecessor-version":[{"id":15103,"href":"https:\/\/agora.xtec.cat\/escolalavilapalamos\/wp-json\/wp\/v2\/posts\/15096\/revisions\/15103"}],"wp:attachment":[{"href":"https:\/\/agora.xtec.cat\/escolalavilapalamos\/wp-json\/wp\/v2\/media?parent=15096"}],"wp:term":[{"taxonomy":"category","embeddable":true,"href":"https:\/\/agora.xtec.cat\/escolalavilapalamos\/wp-json\/wp\/v2\/categories?post=15096"},{"taxonomy":"post_tag","embeddable":true,"href":"https:\/\/agora.xtec.cat\/escolalavilapalamos\/wp-json\/wp\/v2\/tags?post=15096"}],"curies":[{"name":"wp","href":"https:\/\/api.w.org\/{rel}","templated":true}]}}