{"id":15072,"date":"2024-11-20T14:40:21","date_gmt":"2024-11-20T13:40:21","guid":{"rendered":"https:\/\/agora.xtec.cat\/escolalavilapalamos\/?p=15072"},"modified":"2024-11-20T14:44:11","modified_gmt":"2024-11-20T13:44:11","slug":"donacio-de-sang","status":"publish","type":"post","link":"https:\/\/agora.xtec.cat\/escolalavilapalamos\/general\/donacio-de-sang\/","title":{"rendered":"Marat\u00f3 de Donants de Sang de Palam\u00f3s"},"content":{"rendered":"<p>&nbsp;<\/p>\n<p><a href=\"https:\/\/agora.xtec.cat\/escolalavilapalamos\/wp-content\/uploads\/usu897\/2024\/11\/23112024-Cartell-Marato-Palamos1.jpg\"><img loading=\"lazy\" decoding=\"async\" class=\"wp-image-15074 aligncenter\" src=\"https:\/\/agora.xtec.cat\/escolalavilapalamos\/wp-content\/uploads\/usu897\/2024\/11\/23112024-Cartell-Marato-Palamos1-300x300.jpg\" alt=\"\" width=\"320\" height=\"320\" srcset=\"https:\/\/agora.xtec.cat\/escolalavilapalamos\/wp-content\/uploads\/usu897\/2024\/11\/23112024-Cartell-Marato-Palamos1-300x300.jpg 300w, https:\/\/agora.xtec.cat\/escolalavilapalamos\/wp-content\/uploads\/usu897\/2024\/11\/23112024-Cartell-Marato-Palamos1-1024x1024.jpg 1024w, https:\/\/agora.xtec.cat\/escolalavilapalamos\/wp-content\/uploads\/usu897\/2024\/11\/23112024-Cartell-Marato-Palamos1-150x150.jpg 150w, https:\/\/agora.xtec.cat\/escolalavilapalamos\/wp-content\/uploads\/usu897\/2024\/11\/23112024-Cartell-Marato-Palamos1-768x768.jpg 768w, https:\/\/agora.xtec.cat\/escolalavilapalamos\/wp-content\/uploads\/usu897\/2024\/11\/23112024-Cartell-Marato-Palamos1.jpg 1080w\" sizes=\"auto, (max-width: 320px) 100vw, 320px\" \/><\/a><\/p>\n<p style=\"text-align: center;\">Aquest dissabte 23 de novembre a la Nau dels 50 metres tindr\u00e0 lloc la Marat\u00f3 de Donants de Sang de Palam\u00f3s. Al llarg de tot el dia hi hauran activitats variades com tallers, xerrades i actuacions musicals.<\/p>\n<p style=\"text-align: center;\">Us animem a participar-hi!<\/p>\n<p style=\"text-align: center;\">Podeu veure el programa d&#8217;activitats clicant <a href=\"https:\/\/drive.google.com\/file\/d\/1GTPp2QuKIeYlbanTi60a2-Yi2ubo33P8\/view?usp=drive_link\">AQU\u00cd<\/a>.<\/p>\n<p><a href=\"https:\/\/agora.xtec.cat\/escolalavilapalamos\/wp-content\/uploads\/usu897\/2024\/11\/Logos-Marato-2024.jpg\"><img loading=\"lazy\" decoding=\"async\" class=\"aligncenter size-medium wp-image-15073\" src=\"https:\/\/agora.xtec.cat\/escolalavilapalamos\/wp-content\/uploads\/usu897\/2024\/11\/Logos-Marato-2024-300x298.jpg\" alt=\"\" width=\"300\" height=\"298\" srcset=\"https:\/\/agora.xtec.cat\/escolalavilapalamos\/wp-content\/uploads\/usu897\/2024\/11\/Logos-Marato-2024-300x298.jpg 300w, https:\/\/agora.xtec.cat\/escolalavilapalamos\/wp-content\/uploads\/usu897\/2024\/11\/Logos-Marato-2024-1024x1018.jpg 1024w, https:\/\/agora.xtec.cat\/escolalavilapalamos\/wp-content\/uploads\/usu897\/2024\/11\/Logos-Marato-2024-150x150.jpg 150w, https:\/\/agora.xtec.cat\/escolalavilapalamos\/wp-content\/uploads\/usu897\/2024\/11\/Logos-Marato-2024-768x764.jpg 768w, https:\/\/agora.xtec.cat\/escolalavilapalamos\/wp-content\/uploads\/usu897\/2024\/11\/Logos-Marato-2024.jpg 1080w\" sizes=\"auto, (max-width: 300px) 100vw, 300px\" \/><\/a><\/p>\n","protected":false},"excerpt":{"rendered":"<p>&nbsp;<br \/>\n<a href=\"https:\/\/agora.xtec.cat\/escolalavilapalamos\/wp-content\/uploads\/usu897\/2024\/11\/23112024-Cartell-Marato-Palamos1.jpg\"><\/a><br \/>\nAquest dissabte 23 de novembre a la Nau dels 50 metres tindr\u00e0 lloc la Marat\u00f3 de Donants de Sang de Palam\u00f3s. Al llarg de tot el dia hi hauran activitats variades com tallers, xerrades i actuacions musicals.<br \/>\nUs animem a participar-hi!<br \/>\nPodeu veure el programa d&#8217;activitats&hellip;  <a href=\"https:\/\/agora.xtec.cat\/escolalavilapalamos\/general\/donacio-de-sang\/\" title=\"Read Marat\u00f3 de Donants de Sang de Palam\u00f3s\">Llegeix m\u00e9s\u00bb<\/a><\/p>\n","protected":false},"author":1,"featured_media":0,"comment_status":"open","ping_status":"closed","sticky":false,"template":"","format":"standard","meta":{"_bbp_topic_count":0,"_bbp_reply_count":0,"_bbp_total_topic_count":0,"_bbp_total_reply_count":0,"_bbp_voice_count":0,"_bbp_anonymous_reply_count":0,"_bbp_topic_count_hidden":0,"_bbp_reply_count_hidden":0,"_bbp_forum_subforum_count":0,"footnotes":""},"categories":[128,127,2,1,4,5],"tags":[],"class_list":["post-15072","post","type-post","status-publish","format-standard","hentry","category-comunitat-de-grans","category-comunitat-de-mitjans","category-infantil","category-general","category-portada","category-primaria"],"post_mailing_queue_ids":[],"_links":{"self":[{"href":"https:\/\/agora.xtec.cat\/escolalavilapalamos\/wp-json\/wp\/v2\/posts\/15072","targetHints":{"allow":["GET"]}}],"collection":[{"href":"https:\/\/agora.xtec.cat\/escolalavilapalamos\/wp-json\/wp\/v2\/posts"}],"about":[{"href":"https:\/\/agora.xtec.cat\/escolalavilapalamos\/wp-json\/wp\/v2\/types\/post"}],"author":[{"embeddable":true,"href":"https:\/\/agora.xtec.cat\/escolalavilapalamos\/wp-json\/wp\/v2\/users\/1"}],"replies":[{"embeddable":true,"href":"https:\/\/agora.xtec.cat\/escolalavilapalamos\/wp-json\/wp\/v2\/comments?post=15072"}],"version-history":[{"count":6,"href":"https:\/\/agora.xtec.cat\/escolalavilapalamos\/wp-json\/wp\/v2\/posts\/15072\/revisions"}],"predecessor-version":[{"id":15084,"href":"https:\/\/agora.xtec.cat\/escolalavilapalamos\/wp-json\/wp\/v2\/posts\/15072\/revisions\/15084"}],"wp:attachment":[{"href":"https:\/\/agora.xtec.cat\/escolalavilapalamos\/wp-json\/wp\/v2\/media?parent=15072"}],"wp:term":[{"taxonomy":"category","embeddable":true,"href":"https:\/\/agora.xtec.cat\/escolalavilapalamos\/wp-json\/wp\/v2\/categories?post=15072"},{"taxonomy":"post_tag","embeddable":true,"href":"https:\/\/agora.xtec.cat\/escolalavilapalamos\/wp-json\/wp\/v2\/tags?post=15072"}],"curies":[{"name":"wp","href":"https:\/\/api.w.org\/{rel}","templated":true}]}}