{"id":15063,"date":"2024-11-20T16:11:31","date_gmt":"2024-11-20T15:11:31","guid":{"rendered":"https:\/\/agora.xtec.cat\/escolalavilapalamos\/?p=15063"},"modified":"2024-11-20T16:11:31","modified_gmt":"2024-11-20T15:11:31","slug":"visita-al-castell-gala-dali-de-pubol","status":"publish","type":"post","link":"https:\/\/agora.xtec.cat\/escolalavilapalamos\/general\/visita-al-castell-gala-dali-de-pubol\/","title":{"rendered":"VISITA AL CASTELL GALA DAL\u00cd DE P\u00daBOL"},"content":{"rendered":"<p>&nbsp;<\/p>\n<p style=\"text-align: left;\"><span style=\"font-weight: 400;\">El dia 7 de novembre\u00a0 l\u2019alumnat de 3r, aprofitant que estem treballant la vida i obra de Salvador Dal\u00ed, v\u00e0rem anar d\u2019excursi\u00f3 a P\u00fabol per visitar el Castell Gala Dal\u00ed.<\/span><\/p>\n<p style=\"text-align: left;\"><span style=\"font-weight: 400;\">El dia es presentava pluj\u00f3s, per\u00f2 no va ser impediment perqu\u00e8 pogu\u00e9ssim fer aquesta sortida.<\/span><\/p>\n<p style=\"text-align: left;\"><span style=\"font-weight: 400;\">En arribar a P\u00fabol v\u00e0rem esmorzar en una zona habilitada amb taules i bancs i tot seguit v\u00e0rem pujar al castell per fer la visita.<\/span><\/p>\n<p style=\"text-align: left;\"><span style=\"font-weight: 400;\">Ens va agradar molt veure l\u2019interior i l\u2019exterior del castell on va viure Gala els \u00faltims anys i poder gaudir de les obres de Dal\u00ed que hi ha exposades.<\/span><\/p>\n<p style=\"text-align: left;\"><span style=\"font-weight: 400;\">Una vegada acabada la visita v\u00e0rem dinar i jugar una estona al parc. Despr\u00e9s va comen\u00e7ar a ploure molt i com que les mestres havien previst aquesta possibilitat, s\u2019havien posat en contacte amb l\u2019Ajuntament de La Pera-P\u00fabol per poder utilitzar la sala polivalent en cas de pluja i all\u00e0 v\u00e0rem anar a passar la resta de la tarda fins que va ser l&#8217;hora de tornar a Palam\u00f3s.<\/span><\/p>\n<p style=\"text-align: left;\">Podeu veure les fotos accedint <a href=\"https:\/\/agora.xtec.cat\/escolalavilapalamos\/general\/fotos-visita-castell-gala-dali\/\">aqu\u00ed<\/a><\/p>\n<p style=\"text-align: left;\">\n<p><a href=\"https:\/\/agora.xtec.cat\/escolalavilapalamos\/wp-content\/uploads\/usu897\/2024\/11\/IMG_0204-scaled.jpg\"><img loading=\"lazy\" decoding=\"async\" class=\"size-medium wp-image-15064 aligncenter\" src=\"https:\/\/agora.xtec.cat\/escolalavilapalamos\/wp-content\/uploads\/usu897\/2024\/11\/IMG_0204-217x300.jpg\" alt=\"\" width=\"217\" height=\"300\" srcset=\"https:\/\/agora.xtec.cat\/escolalavilapalamos\/wp-content\/uploads\/usu897\/2024\/11\/IMG_0204-217x300.jpg 217w, https:\/\/agora.xtec.cat\/escolalavilapalamos\/wp-content\/uploads\/usu897\/2024\/11\/IMG_0204-742x1024.jpg 742w, https:\/\/agora.xtec.cat\/escolalavilapalamos\/wp-content\/uploads\/usu897\/2024\/11\/IMG_0204-768x1059.jpg 768w, https:\/\/agora.xtec.cat\/escolalavilapalamos\/wp-content\/uploads\/usu897\/2024\/11\/IMG_0204-1114x1536.jpg 1114w, https:\/\/agora.xtec.cat\/escolalavilapalamos\/wp-content\/uploads\/usu897\/2024\/11\/IMG_0204-1485x2048.jpg 1485w, https:\/\/agora.xtec.cat\/escolalavilapalamos\/wp-content\/uploads\/usu897\/2024\/11\/IMG_0204-scaled.jpg 1856w\" sizes=\"auto, (max-width: 217px) 100vw, 217px\" \/><\/a><\/p>\n","protected":false},"excerpt":{"rendered":"<p>&nbsp;<br \/>\nEl dia 7 de novembre\u00a0 l\u2019alumnat de 3r, aprofitant que estem treballant la vida i obra de Salvador Dal\u00ed, v\u00e0rem anar d\u2019excursi\u00f3 a P\u00fabol per visitar el Castell Gala Dal\u00ed.<br \/>\nEl dia es presentava pluj\u00f3s, per\u00f2 no va ser impediment perqu\u00e8 pogu\u00e9ssim fer aquesta sortida.<br \/>\nEn arribar&hellip;  <a href=\"https:\/\/agora.xtec.cat\/escolalavilapalamos\/general\/visita-al-castell-gala-dali-de-pubol\/\" title=\"Read VISITA AL CASTELL GALA DAL\u00cd DE P\u00daBOL\">Llegeix m\u00e9s\u00bb<\/a><\/p>\n","protected":false},"author":131,"featured_media":0,"comment_status":"open","ping_status":"closed","sticky":false,"template":"","format":"standard","meta":{"_bbp_topic_count":0,"_bbp_reply_count":0,"_bbp_total_topic_count":0,"_bbp_total_reply_count":0,"_bbp_voice_count":0,"_bbp_anonymous_reply_count":0,"_bbp_topic_count_hidden":0,"_bbp_reply_count_hidden":0,"_bbp_forum_subforum_count":0,"footnotes":""},"categories":[127,1,4],"tags":[],"class_list":["post-15063","post","type-post","status-publish","format-standard","hentry","category-comunitat-de-mitjans","category-general","category-portada"],"post_mailing_queue_ids":[],"_links":{"self":[{"href":"https:\/\/agora.xtec.cat\/escolalavilapalamos\/wp-json\/wp\/v2\/posts\/15063","targetHints":{"allow":["GET"]}}],"collection":[{"href":"https:\/\/agora.xtec.cat\/escolalavilapalamos\/wp-json\/wp\/v2\/posts"}],"about":[{"href":"https:\/\/agora.xtec.cat\/escolalavilapalamos\/wp-json\/wp\/v2\/types\/post"}],"author":[{"embeddable":true,"href":"https:\/\/agora.xtec.cat\/escolalavilapalamos\/wp-json\/wp\/v2\/users\/131"}],"replies":[{"embeddable":true,"href":"https:\/\/agora.xtec.cat\/escolalavilapalamos\/wp-json\/wp\/v2\/comments?post=15063"}],"version-history":[{"count":3,"href":"https:\/\/agora.xtec.cat\/escolalavilapalamos\/wp-json\/wp\/v2\/posts\/15063\/revisions"}],"predecessor-version":[{"id":15086,"href":"https:\/\/agora.xtec.cat\/escolalavilapalamos\/wp-json\/wp\/v2\/posts\/15063\/revisions\/15086"}],"wp:attachment":[{"href":"https:\/\/agora.xtec.cat\/escolalavilapalamos\/wp-json\/wp\/v2\/media?parent=15063"}],"wp:term":[{"taxonomy":"category","embeddable":true,"href":"https:\/\/agora.xtec.cat\/escolalavilapalamos\/wp-json\/wp\/v2\/categories?post=15063"},{"taxonomy":"post_tag","embeddable":true,"href":"https:\/\/agora.xtec.cat\/escolalavilapalamos\/wp-json\/wp\/v2\/tags?post=15063"}],"curies":[{"name":"wp","href":"https:\/\/api.w.org\/{rel}","templated":true}]}}