{"id":15038,"date":"2024-11-13T10:11:40","date_gmt":"2024-11-13T09:11:40","guid":{"rendered":"https:\/\/agora.xtec.cat\/escolalavilapalamos\/?p=15038"},"modified":"2024-11-13T10:13:11","modified_gmt":"2024-11-13T09:13:11","slug":"espectacle-vull-ser-com-soc-1r","status":"publish","type":"post","link":"https:\/\/agora.xtec.cat\/escolalavilapalamos\/general\/espectacle-vull-ser-com-soc-1r\/","title":{"rendered":"Espectacle &#8220;Vull ser com soc&#8221; 1r"},"content":{"rendered":"<p>El passat dilluns 11 de novembre vam gaudir de l&#8217;obra de teatre &#8220;Vull ser com soc&#8221; a la nostra aula. La Cristina va ser l&#8217;encarregada de venir-nos a explicar aquesta hist\u00f2ria.<\/p>\n<p>La protagonista era la Bruna, una petita titella de fusta. La Cristina va ser la veu de la Bruna i tot jugant, narrant i ballant vam viure un viatge emocionant cap al pa\u00eds de les emocions i de la imaginaci\u00f3. L&#8217;objectiu d&#8217;aquest espectacle \u00e9s que els infants puguin recon\u00e8ixer i etiquetar les emocions que la protagonista viu: com l\u2019alegria, la tristesa, la r\u00e0bia o la calma, i que puguin reflexionar sobre els seus propis sentiments i emocions. D&#8217;aquesta manera, s&#8217;intenta promoure en l&#8217;alumnat, l&#8217;entrenament en la gesti\u00f3 de les emocions i dels nostres sentiments. Com ve sabem, el reconeixement de les emocions \u00e9s la pr\u00e8via a poder adquirir les habilitats necess\u00e0ries en la regulaci\u00f3 emocional.<\/p>\n<p>Va ser una estona molt entretinguda, on tots i totes vam gaudir de la seva actuaci\u00f3!<\/p>\n<p>Podeu veure les fotos accedint <a href=\"https:\/\/agora.xtec.cat\/escolalavilapalamos\/general\/fotos-espectacle-vull-ser-com-soc-1r\/\">aqu\u00ed<\/a><\/p>\n<p><a href=\"https:\/\/agora.xtec.cat\/escolalavilapalamos\/wp-content\/uploads\/usu897\/2024\/11\/portada.jpg\"><img loading=\"lazy\" decoding=\"async\" class=\"alignnone size-medium wp-image-15040\" src=\"https:\/\/agora.xtec.cat\/escolalavilapalamos\/wp-content\/uploads\/usu897\/2024\/11\/portada-242x300.jpg\" alt=\"\" width=\"242\" height=\"300\" srcset=\"https:\/\/agora.xtec.cat\/escolalavilapalamos\/wp-content\/uploads\/usu897\/2024\/11\/portada-242x300.jpg 242w, https:\/\/agora.xtec.cat\/escolalavilapalamos\/wp-content\/uploads\/usu897\/2024\/11\/portada.jpg 499w\" sizes=\"auto, (max-width: 242px) 100vw, 242px\" \/><\/a><\/p>\n","protected":false},"excerpt":{"rendered":"<p>El passat dilluns 11 de novembre vam gaudir de l&#8217;obra de teatre &#8220;Vull ser com soc&#8221; a la nostra aula. La Cristina va ser l&#8217;encarregada de venir-nos a explicar aquesta hist\u00f2ria.<br \/>\nLa protagonista era la Bruna, una petita titella de fusta. La Cristina va ser la&hellip;  <a href=\"https:\/\/agora.xtec.cat\/escolalavilapalamos\/general\/espectacle-vull-ser-com-soc-1r\/\" title=\"Read Espectacle &#8220;Vull ser com soc&#8221; 1r\">Llegeix m\u00e9s\u00bb<\/a><\/p>\n","protected":false},"author":131,"featured_media":0,"comment_status":"open","ping_status":"closed","sticky":false,"template":"","format":"standard","meta":{"_bbp_topic_count":0,"_bbp_reply_count":0,"_bbp_total_topic_count":0,"_bbp_total_reply_count":0,"_bbp_voice_count":0,"_bbp_anonymous_reply_count":0,"_bbp_topic_count_hidden":0,"_bbp_reply_count_hidden":0,"_bbp_forum_subforum_count":0,"footnotes":""},"categories":[127,1,4],"tags":[],"class_list":["post-15038","post","type-post","status-publish","format-standard","hentry","category-comunitat-de-mitjans","category-general","category-portada"],"post_mailing_queue_ids":[],"_links":{"self":[{"href":"https:\/\/agora.xtec.cat\/escolalavilapalamos\/wp-json\/wp\/v2\/posts\/15038","targetHints":{"allow":["GET"]}}],"collection":[{"href":"https:\/\/agora.xtec.cat\/escolalavilapalamos\/wp-json\/wp\/v2\/posts"}],"about":[{"href":"https:\/\/agora.xtec.cat\/escolalavilapalamos\/wp-json\/wp\/v2\/types\/post"}],"author":[{"embeddable":true,"href":"https:\/\/agora.xtec.cat\/escolalavilapalamos\/wp-json\/wp\/v2\/users\/131"}],"replies":[{"embeddable":true,"href":"https:\/\/agora.xtec.cat\/escolalavilapalamos\/wp-json\/wp\/v2\/comments?post=15038"}],"version-history":[{"count":6,"href":"https:\/\/agora.xtec.cat\/escolalavilapalamos\/wp-json\/wp\/v2\/posts\/15038\/revisions"}],"predecessor-version":[{"id":15050,"href":"https:\/\/agora.xtec.cat\/escolalavilapalamos\/wp-json\/wp\/v2\/posts\/15038\/revisions\/15050"}],"wp:attachment":[{"href":"https:\/\/agora.xtec.cat\/escolalavilapalamos\/wp-json\/wp\/v2\/media?parent=15038"}],"wp:term":[{"taxonomy":"category","embeddable":true,"href":"https:\/\/agora.xtec.cat\/escolalavilapalamos\/wp-json\/wp\/v2\/categories?post=15038"},{"taxonomy":"post_tag","embeddable":true,"href":"https:\/\/agora.xtec.cat\/escolalavilapalamos\/wp-json\/wp\/v2\/tags?post=15038"}],"curies":[{"name":"wp","href":"https:\/\/api.w.org\/{rel}","templated":true}]}}