{"id":15037,"date":"2024-11-21T16:36:26","date_gmt":"2024-11-21T15:36:26","guid":{"rendered":"https:\/\/agora.xtec.cat\/escolalavilapalamos\/?p=15037"},"modified":"2024-11-21T16:36:26","modified_gmt":"2024-11-21T15:36:26","slug":"a-5e-treballem-les-gavarres","status":"publish","type":"post","link":"https:\/\/agora.xtec.cat\/escolalavilapalamos\/general\/a-5e-treballem-les-gavarres\/","title":{"rendered":"A 5\u00e8 treballem les Gavarres"},"content":{"rendered":"<p>A 5\u00e8 estem acabant el nostre treball globalitzat sobre els boscos de les Gavarres. \u00a0Ha sigut un projecte molt interessant en el qual hem apr\u00e8s molt\u00edssimes coses noves. Les diferents informacions treballades a TG les hem ampliat a les estones de llengua, amb comprensions lectores sobre les Gavarres i els \u00e9ssers vius, per\u00f2 tamb\u00e9 a expressi\u00f3 escrita on hem elaborat fitxes cient\u00edfiques sobre animals que habiten a les nostres muntanyes.<\/p>\n<p>Al llarg de totes les sessions hem analitzat com funcionen les xarxes tr\u00f2fiques amb els productors i la fotos\u00edntesi, els consumidors i els descomponedors i l&#8217;estructura c\u00edclica de les relacions aliment\u00e0ries que es produeixen entre ells. Hem analitzat com s\u2019alteren els ecosistemes quan es modifica algun dels factors que en formen part i\u00a0 \u00a0hem pres consci\u00e8ncia de com \u00e9s d&#8217;important cuidar els nostres boscos, dels quals n&#8217;obtenim diversos beneficis, econ\u00f2mics, socials i ambientals. Per acabar el treball, hem creat una xarxa tr\u00f2fica caracter\u00edstica de les Gavarres i a m\u00e9s, hem dissenyat fitxes cient\u00edfiques d\u2019alguns dels \u00e9ssers vius que hi podem trobar.<\/p>\n<p>Si voleu veure imatges de les xarxes tr\u00f2fiques, cliqueu <a href=\"https:\/\/agora.xtec.cat\/escolalavilapalamos\/general\/fotos-a-5e-treballem-les-gavarres\/\">aqu\u00ed.<\/a><\/p>\n<p>Per veure les fitxes cient\u00edfiques, <a href=\"https:\/\/drive.google.com\/drive\/folders\/1eawWh9zmoXgm2nxZgjigfCh86eU0UNfX?usp=sharing\">cliqueu aqu\u00ed.<\/a><\/p>\n<p><a href=\"https:\/\/agora.xtec.cat\/escolalavilapalamos\/wp-content\/uploads\/usu897\/2024\/11\/IMG_2430-scaled.jpg\"><img loading=\"lazy\" decoding=\"async\" class=\"aligncenter size-medium wp-image-15088\" src=\"https:\/\/agora.xtec.cat\/escolalavilapalamos\/wp-content\/uploads\/usu897\/2024\/11\/IMG_2430-300x225.jpg\" alt=\"\" width=\"300\" height=\"225\" srcset=\"https:\/\/agora.xtec.cat\/escolalavilapalamos\/wp-content\/uploads\/usu897\/2024\/11\/IMG_2430-300x225.jpg 300w, https:\/\/agora.xtec.cat\/escolalavilapalamos\/wp-content\/uploads\/usu897\/2024\/11\/IMG_2430-1024x768.jpg 1024w, https:\/\/agora.xtec.cat\/escolalavilapalamos\/wp-content\/uploads\/usu897\/2024\/11\/IMG_2430-768x576.jpg 768w, https:\/\/agora.xtec.cat\/escolalavilapalamos\/wp-content\/uploads\/usu897\/2024\/11\/IMG_2430-1536x1152.jpg 1536w, https:\/\/agora.xtec.cat\/escolalavilapalamos\/wp-content\/uploads\/usu897\/2024\/11\/IMG_2430-2048x1536.jpg 2048w, https:\/\/agora.xtec.cat\/escolalavilapalamos\/wp-content\/uploads\/usu897\/2024\/11\/IMG_2430-200x150.jpg 200w\" sizes=\"auto, (max-width: 300px) 100vw, 300px\" \/><\/a><\/p>\n","protected":false},"excerpt":{"rendered":"<p>A 5\u00e8 estem acabant el nostre treball globalitzat sobre els boscos de les Gavarres. \u00a0Ha sigut un projecte molt interessant en el qual hem apr\u00e8s molt\u00edssimes coses noves. Les diferents informacions treballades a TG les hem ampliat a les estones de llengua, amb comprensions lectores&hellip;  <a href=\"https:\/\/agora.xtec.cat\/escolalavilapalamos\/general\/a-5e-treballem-les-gavarres\/\" title=\"Read A 5\u00e8 treballem les Gavarres\">Llegeix m\u00e9s\u00bb<\/a><\/p>\n","protected":false},"author":132,"featured_media":0,"comment_status":"open","ping_status":"closed","sticky":false,"template":"","format":"standard","meta":{"_bbp_topic_count":0,"_bbp_reply_count":0,"_bbp_total_topic_count":0,"_bbp_total_reply_count":0,"_bbp_voice_count":0,"_bbp_anonymous_reply_count":0,"_bbp_topic_count_hidden":0,"_bbp_reply_count_hidden":0,"_bbp_forum_subforum_count":0,"footnotes":""},"categories":[128,1,4],"tags":[],"class_list":["post-15037","post","type-post","status-publish","format-standard","hentry","category-comunitat-de-grans","category-general","category-portada"],"post_mailing_queue_ids":[],"_links":{"self":[{"href":"https:\/\/agora.xtec.cat\/escolalavilapalamos\/wp-json\/wp\/v2\/posts\/15037","targetHints":{"allow":["GET"]}}],"collection":[{"href":"https:\/\/agora.xtec.cat\/escolalavilapalamos\/wp-json\/wp\/v2\/posts"}],"about":[{"href":"https:\/\/agora.xtec.cat\/escolalavilapalamos\/wp-json\/wp\/v2\/types\/post"}],"author":[{"embeddable":true,"href":"https:\/\/agora.xtec.cat\/escolalavilapalamos\/wp-json\/wp\/v2\/users\/132"}],"replies":[{"embeddable":true,"href":"https:\/\/agora.xtec.cat\/escolalavilapalamos\/wp-json\/wp\/v2\/comments?post=15037"}],"version-history":[{"count":3,"href":"https:\/\/agora.xtec.cat\/escolalavilapalamos\/wp-json\/wp\/v2\/posts\/15037\/revisions"}],"predecessor-version":[{"id":15089,"href":"https:\/\/agora.xtec.cat\/escolalavilapalamos\/wp-json\/wp\/v2\/posts\/15037\/revisions\/15089"}],"wp:attachment":[{"href":"https:\/\/agora.xtec.cat\/escolalavilapalamos\/wp-json\/wp\/v2\/media?parent=15037"}],"wp:term":[{"taxonomy":"category","embeddable":true,"href":"https:\/\/agora.xtec.cat\/escolalavilapalamos\/wp-json\/wp\/v2\/categories?post=15037"},{"taxonomy":"post_tag","embeddable":true,"href":"https:\/\/agora.xtec.cat\/escolalavilapalamos\/wp-json\/wp\/v2\/tags?post=15037"}],"curies":[{"name":"wp","href":"https:\/\/api.w.org\/{rel}","templated":true}]}}