{"id":15027,"date":"2024-11-21T08:00:05","date_gmt":"2024-11-21T07:00:05","guid":{"rendered":"https:\/\/agora.xtec.cat\/escolalavilapalamos\/?p=15027"},"modified":"2024-11-13T10:47:52","modified_gmt":"2024-11-13T09:47:52","slug":"mercat-de-la-joguina-solidaria-4","status":"publish","type":"post","link":"https:\/\/agora.xtec.cat\/escolalavilapalamos\/general\/mercat-de-la-joguina-solidaria-4\/","title":{"rendered":"Mercat de la Joguina Solid\u00e0ria"},"content":{"rendered":"<p>&nbsp;<\/p>\n<p><a href=\"https:\/\/agora.xtec.cat\/escolalavilapalamos\/wp-content\/uploads\/usu897\/2024\/11\/Imatge-Mercat-Joguina-Solidaria-2024.jpg\"><img loading=\"lazy\" decoding=\"async\" class=\"aligncenter wp-image-15032 \" src=\"https:\/\/agora.xtec.cat\/escolalavilapalamos\/wp-content\/uploads\/usu897\/2024\/11\/Imatge-Mercat-Joguina-Solidaria-2024-1024x813.jpg\" alt=\"\" width=\"660\" height=\"524\" srcset=\"https:\/\/agora.xtec.cat\/escolalavilapalamos\/wp-content\/uploads\/usu897\/2024\/11\/Imatge-Mercat-Joguina-Solidaria-2024-1024x813.jpg 1024w, https:\/\/agora.xtec.cat\/escolalavilapalamos\/wp-content\/uploads\/usu897\/2024\/11\/Imatge-Mercat-Joguina-Solidaria-2024-300x238.jpg 300w, https:\/\/agora.xtec.cat\/escolalavilapalamos\/wp-content\/uploads\/usu897\/2024\/11\/Imatge-Mercat-Joguina-Solidaria-2024-768x610.jpg 768w, https:\/\/agora.xtec.cat\/escolalavilapalamos\/wp-content\/uploads\/usu897\/2024\/11\/Imatge-Mercat-Joguina-Solidaria-2024.jpg 1078w\" sizes=\"auto, (max-width: 660px) 100vw, 660px\" \/><\/a><\/p>\n<p>La Taula Palam\u00f3s Solidari enguany recupera el projecte del<strong> Mercat de la Joguina Solid\u00e0ria.<\/strong><\/p>\n<p>Tots tenim a casa\u00a0<strong>joguines en bon estat<\/strong>\u00a0i que els nostres fills i filles ja no utilitzen. Aquestes joguines poden tenir una nova vida en mans d\u2019altres infants sempre i quan estiguin en bon estat.<br \/>\nEs muntar\u00e0 un mercat solidari. Es contempla com un projecte de tres dimensions: per una banda, ens ajuda a educar als nostres infants fent-los ser conscients del valor de les coses, de les necessitats de la gent que tenim al nostre entorn i de la import\u00e0ncia de reutilitzar i reciclar; a m\u00e9s, d\u00f3na l\u2019oportunitat a moltes fam\u00edlies de poder oferir joguines als seus infants sense necessitat de fer front a grans despeses que suposaria comprar-ne de noves, i, els diners aconseguits amb aquest mercat van destinats a un projecte de caire solidari escollit d\u2019entre totes les propostes que han arribat a la Taula Palam\u00f3s Solidari<strong>.<\/strong><\/p>\n<p><strong>La recollida de joguines es far\u00e0 a les hores d\u2019entrada a classe del dilluns 25 de novembre al dijous 28 de novembre (<em>no podrem recollir joguines m\u00e9s tard del dia 28<\/em>).<\/strong>\u00a0\u00a0<strong>Cal que\u00a0 estiguin revisades i en bon estat.\u00a0<\/strong> Caldr\u00e0 deixar les joguines sota l\u2019escala davant del lavabo (per l&#8217;entrada de consergeria) o a l\u2019entrada d\u2019infantil\u00a0 (sota l\u2019escala).<\/p>\n<p><strong>El Mercat de la joguina solid\u00e0ria ser\u00e0 els dies 7 i 14 de desembre a la Pla\u00e7a dels arbres \u00a0durant tot el dia, de 9 a 20h.\u00a0<\/strong><\/p>\n<p>Aqu\u00ed teniu una mica m\u00e9s d&#8217;informaci\u00f3: <a href=\"https:\/\/drive.google.com\/file\/d\/1cOtN239R8j02E-wvoVcyegYGPPrSTGao\/view?usp=drive_link\">CARTA A LES FAM\u00cdLIES<\/a><\/p>\n<p>&nbsp;<\/p>\n","protected":false},"excerpt":{"rendered":"<p>&nbsp;<br \/>\n<a href=\"https:\/\/agora.xtec.cat\/escolalavilapalamos\/wp-content\/uploads\/usu897\/2024\/11\/Imatge-Mercat-Joguina-Solidaria-2024.jpg\"><\/a><br \/>\nLa Taula Palam\u00f3s Solidari enguany recupera el projecte del Mercat de la Joguina Solid\u00e0ria.<br \/>\nTots tenim a casa\u00a0joguines en bon estat\u00a0i que els nostres fills i filles ja no utilitzen. Aquestes joguines poden tenir una nova vida en mans d\u2019altres infants sempre i quan estiguin&hellip;  <a href=\"https:\/\/agora.xtec.cat\/escolalavilapalamos\/general\/mercat-de-la-joguina-solidaria-4\/\" title=\"Read Mercat de la Joguina Solid\u00e0ria\">Llegeix m\u00e9s\u00bb<\/a><\/p>\n","protected":false},"author":1,"featured_media":0,"comment_status":"open","ping_status":"closed","sticky":false,"template":"","format":"standard","meta":{"_bbp_topic_count":0,"_bbp_reply_count":0,"_bbp_total_topic_count":0,"_bbp_total_reply_count":0,"_bbp_voice_count":0,"_bbp_anonymous_reply_count":0,"_bbp_topic_count_hidden":0,"_bbp_reply_count_hidden":0,"_bbp_forum_subforum_count":0,"footnotes":""},"categories":[7,128,127,2,1,4,5],"tags":[],"class_list":["post-15027","post","type-post","status-publish","format-standard","hentry","category-ampa","category-comunitat-de-grans","category-comunitat-de-mitjans","category-infantil","category-general","category-portada","category-primaria"],"post_mailing_queue_ids":[],"_links":{"self":[{"href":"https:\/\/agora.xtec.cat\/escolalavilapalamos\/wp-json\/wp\/v2\/posts\/15027","targetHints":{"allow":["GET"]}}],"collection":[{"href":"https:\/\/agora.xtec.cat\/escolalavilapalamos\/wp-json\/wp\/v2\/posts"}],"about":[{"href":"https:\/\/agora.xtec.cat\/escolalavilapalamos\/wp-json\/wp\/v2\/types\/post"}],"author":[{"embeddable":true,"href":"https:\/\/agora.xtec.cat\/escolalavilapalamos\/wp-json\/wp\/v2\/users\/1"}],"replies":[{"embeddable":true,"href":"https:\/\/agora.xtec.cat\/escolalavilapalamos\/wp-json\/wp\/v2\/comments?post=15027"}],"version-history":[{"count":6,"href":"https:\/\/agora.xtec.cat\/escolalavilapalamos\/wp-json\/wp\/v2\/posts\/15027\/revisions"}],"predecessor-version":[{"id":15047,"href":"https:\/\/agora.xtec.cat\/escolalavilapalamos\/wp-json\/wp\/v2\/posts\/15027\/revisions\/15047"}],"wp:attachment":[{"href":"https:\/\/agora.xtec.cat\/escolalavilapalamos\/wp-json\/wp\/v2\/media?parent=15027"}],"wp:term":[{"taxonomy":"category","embeddable":true,"href":"https:\/\/agora.xtec.cat\/escolalavilapalamos\/wp-json\/wp\/v2\/categories?post=15027"},{"taxonomy":"post_tag","embeddable":true,"href":"https:\/\/agora.xtec.cat\/escolalavilapalamos\/wp-json\/wp\/v2\/tags?post=15027"}],"curies":[{"name":"wp","href":"https:\/\/api.w.org\/{rel}","templated":true}]}}