{"id":15020,"date":"2024-11-11T10:59:27","date_gmt":"2024-11-11T09:59:27","guid":{"rendered":"https:\/\/agora.xtec.cat\/escolalavilapalamos\/?p=15020"},"modified":"2024-11-11T10:59:27","modified_gmt":"2024-11-11T09:59:27","slug":"habits-i-rutines-a-i3-2","status":"publish","type":"post","link":"https:\/\/agora.xtec.cat\/escolalavilapalamos\/general\/habits-i-rutines-a-i3-2\/","title":{"rendered":"H\u00c0BITS I RUTINES A I3"},"content":{"rendered":"<p><span style=\"font-weight: 400;\">Benestar i aprenentatge s\u00f3n dos termes \u00edntimament lligats.<\/span><\/p>\n<p><span style=\"font-weight: 400;\">En aquest sentit, tot el temps dels infants a l\u2019escola \u00e9s educatiu. El treball dels h\u00e0bits i les rutines ens ajuden en l\u2019organitzaci\u00f3 del temps: planificar-lo adequadament pot afavorir o dificultar l\u2019activitat i el joc dels infants.<\/span><\/p>\n<p><span style=\"font-weight: 400;\">Per aquest motiu, l\u2019organitzaci\u00f3 de les activitats quotidianes, de cada dia, i la seva seq\u00fcenciaci\u00f3 ordenada s\u00f3n elements educatius molt importants.<\/span><\/p>\n<p><span style=\"font-weight: 400;\">A l\u2019escola seguim un horari for\u00e7a repetitiu i flexible, aix\u00f2 permet als infants anticipar tot all\u00f2 que faran a l\u2019escola i, per tant, els dona seguretat i, alhora, ens permet a les mestres recollir els interessos dels nens i nenes a l\u2019estona de conversa a la rotllana i incorporar situacions no previstes en el seu dia a dia.<\/span><\/p>\n<p><span style=\"font-weight: 400;\">Hem comen\u00e7at a introduir els pictogrames durant les estones de rotllana, quan fem el \u201cBon dia\u201d, i amb l\u2019ajuda de les imatges i el refor\u00e7 verbal que les mestres fem, els nens i les nenes van agafant confian\u00e7a i seguretat de les rutines di\u00e0ries i comencen a entendre la temporitzaci\u00f3. Sabeu, fam\u00edlies, que cada dia tenim un encarregat que ens ajuda a les mestres? Mica en mica i progressivament anem aprenent m\u00e9s coses!<\/span><\/p>\n<p><span style=\"font-weight: 400;\">Alguns d\u2019aquests pictogrames, com veieu, son el de penjar la jaqueta i la motxilla quan arribem a l\u2019escola, posar-nos les sabates i els crocs i saber en quin moment ho hem de fer, etc. Si els nens i nenes porten sabates de velcro, motxilletes c\u00f2modes de penjar i despenjar i tenen betes col\u00b7locades a les jaquetes i jerseis, els \u00e9s m\u00e9s f\u00e0cil aprendre a fer aut\u00f2nomament aquestes petites tasques. Per ells \u00e9s molt important millorar la seva autonomia i aconseguir aquestes petites vict\u00f2ries. Vosaltres, les fam\u00edlies, podeu encoratjar-los a intentar-ho sempre i donar-los suport!<\/span><\/p>\n<p>&nbsp;<\/p>\n<p>Podeu veure les fotos accedint <a href=\"https:\/\/agora.xtec.cat\/escolalavilapalamos\/general\/habits-i-rutines-a-i3\/\">aqu\u00ed:<\/a><\/p>\n<p><img loading=\"lazy\" decoding=\"async\" class=\"aligncenter size-medium wp-image-15021\" src=\"https:\/\/agora.xtec.cat\/escolalavilapalamos\/wp-content\/uploads\/usu897\/2024\/11\/IMG-20241107-WA0008-300x225.jpg\" alt=\"\" width=\"300\" height=\"225\" srcset=\"https:\/\/agora.xtec.cat\/escolalavilapalamos\/wp-content\/uploads\/usu897\/2024\/11\/IMG-20241107-WA0008-300x225.jpg 300w, https:\/\/agora.xtec.cat\/escolalavilapalamos\/wp-content\/uploads\/usu897\/2024\/11\/IMG-20241107-WA0008-1024x768.jpg 1024w, https:\/\/agora.xtec.cat\/escolalavilapalamos\/wp-content\/uploads\/usu897\/2024\/11\/IMG-20241107-WA0008-768x576.jpg 768w, https:\/\/agora.xtec.cat\/escolalavilapalamos\/wp-content\/uploads\/usu897\/2024\/11\/IMG-20241107-WA0008-1536x1152.jpg 1536w, https:\/\/agora.xtec.cat\/escolalavilapalamos\/wp-content\/uploads\/usu897\/2024\/11\/IMG-20241107-WA0008-200x150.jpg 200w, https:\/\/agora.xtec.cat\/escolalavilapalamos\/wp-content\/uploads\/usu897\/2024\/11\/IMG-20241107-WA0008.jpg 1600w\" sizes=\"auto, (max-width: 300px) 100vw, 300px\" \/><\/p>\n","protected":false},"excerpt":{"rendered":"<p>Benestar i aprenentatge s\u00f3n dos termes \u00edntimament lligats.<br \/>\nEn aquest sentit, tot el temps dels infants a l\u2019escola \u00e9s educatiu. El treball dels h\u00e0bits i les rutines ens ajuden en l\u2019organitzaci\u00f3 del temps: planificar-lo adequadament pot afavorir o dificultar l\u2019activitat i el joc dels infants.<br \/>\nPer aquest&hellip;  <a href=\"https:\/\/agora.xtec.cat\/escolalavilapalamos\/general\/habits-i-rutines-a-i3-2\/\" title=\"Read H\u00c0BITS I RUTINES A I3\">Llegeix m\u00e9s\u00bb<\/a><\/p>\n","protected":false},"author":128,"featured_media":0,"comment_status":"open","ping_status":"closed","sticky":false,"template":"","format":"standard","meta":{"_bbp_topic_count":0,"_bbp_reply_count":0,"_bbp_total_topic_count":0,"_bbp_total_reply_count":0,"_bbp_voice_count":0,"_bbp_anonymous_reply_count":0,"_bbp_topic_count_hidden":0,"_bbp_reply_count_hidden":0,"_bbp_forum_subforum_count":0,"footnotes":""},"categories":[2,1,4],"tags":[],"class_list":["post-15020","post","type-post","status-publish","format-standard","hentry","category-infantil","category-general","category-portada"],"post_mailing_queue_ids":[],"_links":{"self":[{"href":"https:\/\/agora.xtec.cat\/escolalavilapalamos\/wp-json\/wp\/v2\/posts\/15020","targetHints":{"allow":["GET"]}}],"collection":[{"href":"https:\/\/agora.xtec.cat\/escolalavilapalamos\/wp-json\/wp\/v2\/posts"}],"about":[{"href":"https:\/\/agora.xtec.cat\/escolalavilapalamos\/wp-json\/wp\/v2\/types\/post"}],"author":[{"embeddable":true,"href":"https:\/\/agora.xtec.cat\/escolalavilapalamos\/wp-json\/wp\/v2\/users\/128"}],"replies":[{"embeddable":true,"href":"https:\/\/agora.xtec.cat\/escolalavilapalamos\/wp-json\/wp\/v2\/comments?post=15020"}],"version-history":[{"count":2,"href":"https:\/\/agora.xtec.cat\/escolalavilapalamos\/wp-json\/wp\/v2\/posts\/15020\/revisions"}],"predecessor-version":[{"id":15026,"href":"https:\/\/agora.xtec.cat\/escolalavilapalamos\/wp-json\/wp\/v2\/posts\/15020\/revisions\/15026"}],"wp:attachment":[{"href":"https:\/\/agora.xtec.cat\/escolalavilapalamos\/wp-json\/wp\/v2\/media?parent=15020"}],"wp:term":[{"taxonomy":"category","embeddable":true,"href":"https:\/\/agora.xtec.cat\/escolalavilapalamos\/wp-json\/wp\/v2\/categories?post=15020"},{"taxonomy":"post_tag","embeddable":true,"href":"https:\/\/agora.xtec.cat\/escolalavilapalamos\/wp-json\/wp\/v2\/tags?post=15020"}],"curies":[{"name":"wp","href":"https:\/\/api.w.org\/{rel}","templated":true}]}}