{"id":15011,"date":"2024-10-29T16:51:02","date_gmt":"2024-10-29T15:51:02","guid":{"rendered":"https:\/\/agora.xtec.cat\/escolalavilapalamos\/?p=15011"},"modified":"2024-11-07T16:51:53","modified_gmt":"2024-11-07T15:51:53","slug":"festa-de-la-castanyada-2","status":"publish","type":"post","link":"https:\/\/agora.xtec.cat\/escolalavilapalamos\/general\/festa-de-la-castanyada-2\/","title":{"rendered":"Festa de la Castanyada"},"content":{"rendered":"<p>&nbsp;<\/p>\n<p><a href=\"https:\/\/agora.xtec.cat\/escolalavilapalamos\/wp-content\/uploads\/usu897\/2024\/10\/Cartell-castanyada-1.jpg\"><img loading=\"lazy\" decoding=\"async\" class=\"alignleft wp-image-14978\" src=\"https:\/\/agora.xtec.cat\/escolalavilapalamos\/wp-content\/uploads\/usu897\/2024\/10\/Cartell-castanyada-1-724x1024.jpg\" alt=\"\" width=\"391\" height=\"553\" srcset=\"https:\/\/agora.xtec.cat\/escolalavilapalamos\/wp-content\/uploads\/usu897\/2024\/10\/Cartell-castanyada-1-724x1024.jpg 724w, https:\/\/agora.xtec.cat\/escolalavilapalamos\/wp-content\/uploads\/usu897\/2024\/10\/Cartell-castanyada-1-212x300.jpg 212w, https:\/\/agora.xtec.cat\/escolalavilapalamos\/wp-content\/uploads\/usu897\/2024\/10\/Cartell-castanyada-1-768x1086.jpg 768w, https:\/\/agora.xtec.cat\/escolalavilapalamos\/wp-content\/uploads\/usu897\/2024\/10\/Cartell-castanyada-1-1086x1536.jpg 1086w, https:\/\/agora.xtec.cat\/escolalavilapalamos\/wp-content\/uploads\/usu897\/2024\/10\/Cartell-castanyada-1.jpg 1414w\" sizes=\"auto, (max-width: 391px) 100vw, 391px\" \/><\/a>Arriba <strong>la festa de la Castanyada<\/strong>\u00a0a l\u2019escola!<\/p>\n<p><strong>El dijous 31 d\u2019octubre celebrarem la Castanyada a l\u2019escola.<\/strong> Durant tot el dia hi haur\u00e0 un munt d\u2019activitats. L&#8217;alumnat de 6\u00e8 han preparat\u00a0 activitats per l&#8217;alumnat de prim\u00e0ria. Els m\u00e9s petits faran tallers i activitats amb fam\u00edlies volunt\u00e0ries.<\/p>\n<p>A la tarda menjarem castanyes i farem balls.\u00a0<strong>A les 15:25h obrirem les portes de prim\u00e0ria a les fam\u00edlies<\/strong>\u00a0per poder compartir la festa una estona junts.<\/p>\n<p>A la tarda\u00a0<strong>es podr\u00e0 venir a l\u2019escola disfressat de castanyer o castanyera.<\/strong>\u00a0Els usuaris de menjador caldr\u00e0 que portin la disfressa dins d\u2019una bossa.<\/p>\n<p><strong><a style=\"color: #2795b6;\" href=\"https:\/\/agora.xtec.cat\/escolalavilapalamos\/wp-content\/uploads\/usu897\/2024\/10\/PXL_20241021_144654579.jpg\"><img loading=\"lazy\" decoding=\"async\" class=\"wp-image-14980 alignleft\" src=\"https:\/\/agora.xtec.cat\/escolalavilapalamos\/wp-content\/uploads\/usu897\/2024\/10\/PXL_20241021_144654579-300x225.jpg\" alt=\"\" width=\"204\" height=\"153\" srcset=\"https:\/\/agora.xtec.cat\/escolalavilapalamos\/wp-content\/uploads\/usu897\/2024\/10\/PXL_20241021_144654579-300x225.jpg 300w, https:\/\/agora.xtec.cat\/escolalavilapalamos\/wp-content\/uploads\/usu897\/2024\/10\/PXL_20241021_144654579-1024x769.jpg 1024w, https:\/\/agora.xtec.cat\/escolalavilapalamos\/wp-content\/uploads\/usu897\/2024\/10\/PXL_20241021_144654579-768x577.jpg 768w, https:\/\/agora.xtec.cat\/escolalavilapalamos\/wp-content\/uploads\/usu897\/2024\/10\/PXL_20241021_144654579-1536x1154.jpg 1536w, https:\/\/agora.xtec.cat\/escolalavilapalamos\/wp-content\/uploads\/usu897\/2024\/10\/PXL_20241021_144654579-200x150.jpg 200w, https:\/\/agora.xtec.cat\/escolalavilapalamos\/wp-content\/uploads\/usu897\/2024\/10\/PXL_20241021_144654579.jpg 2000w\" sizes=\"auto, (max-width: 204px) 100vw, 204px\" \/><\/a>Del 28 al 30 d\u2019octubre hauran de portar 12 castanyes amb el tall fet.<br \/>\n<\/strong><\/p>\n<p>Demanem col\u00b7laboraci\u00f3 de les fam\u00edlies per elaborar conjuntament un mural\u00a0de tardor. Els vostres fill\/es poden portar creacions art\u00edstiques per penjar a l&#8217;entrada de l&#8217;escola. A fer volar la imaginaci\u00f3!<\/p>\n<p>&nbsp;<\/p>\n<p style=\"text-align: center;\"><strong>Bona Castanyada!<\/strong><\/p>\n","protected":false},"excerpt":{"rendered":"<p>&nbsp;<br \/>\n<a href=\"https:\/\/agora.xtec.cat\/escolalavilapalamos\/wp-content\/uploads\/usu897\/2024\/10\/Cartell-castanyada-1.jpg\"><\/a>Arriba la festa de la Castanyada\u00a0a l\u2019escola!<br \/>\nEl dijous 31 d\u2019octubre celebrarem la Castanyada a l\u2019escola. Durant tot el dia hi haur\u00e0 un munt d\u2019activitats. L&#8217;alumnat de 6\u00e8 han preparat\u00a0 activitats per l&#8217;alumnat de prim\u00e0ria. Els m\u00e9s petits faran tallers i activitats amb fam\u00edlies volunt\u00e0ries.<br \/>\nA&hellip;  <a href=\"https:\/\/agora.xtec.cat\/escolalavilapalamos\/general\/festa-de-la-castanyada-2\/\" title=\"Read Festa de la Castanyada\">Llegeix m\u00e9s\u00bb<\/a><\/p>\n","protected":false},"author":1,"featured_media":0,"comment_status":"open","ping_status":"closed","sticky":false,"template":"","format":"standard","meta":{"_bbp_topic_count":0,"_bbp_reply_count":0,"_bbp_total_topic_count":0,"_bbp_total_reply_count":0,"_bbp_voice_count":0,"_bbp_anonymous_reply_count":0,"_bbp_topic_count_hidden":0,"_bbp_reply_count_hidden":0,"_bbp_forum_subforum_count":0,"footnotes":""},"categories":[1,4],"tags":[],"class_list":["post-15011","post","type-post","status-publish","format-standard","hentry","category-general","category-portada"],"post_mailing_queue_ids":[],"_links":{"self":[{"href":"https:\/\/agora.xtec.cat\/escolalavilapalamos\/wp-json\/wp\/v2\/posts\/15011","targetHints":{"allow":["GET"]}}],"collection":[{"href":"https:\/\/agora.xtec.cat\/escolalavilapalamos\/wp-json\/wp\/v2\/posts"}],"about":[{"href":"https:\/\/agora.xtec.cat\/escolalavilapalamos\/wp-json\/wp\/v2\/types\/post"}],"author":[{"embeddable":true,"href":"https:\/\/agora.xtec.cat\/escolalavilapalamos\/wp-json\/wp\/v2\/users\/1"}],"replies":[{"embeddable":true,"href":"https:\/\/agora.xtec.cat\/escolalavilapalamos\/wp-json\/wp\/v2\/comments?post=15011"}],"version-history":[{"count":1,"href":"https:\/\/agora.xtec.cat\/escolalavilapalamos\/wp-json\/wp\/v2\/posts\/15011\/revisions"}],"predecessor-version":[{"id":15012,"href":"https:\/\/agora.xtec.cat\/escolalavilapalamos\/wp-json\/wp\/v2\/posts\/15011\/revisions\/15012"}],"wp:attachment":[{"href":"https:\/\/agora.xtec.cat\/escolalavilapalamos\/wp-json\/wp\/v2\/media?parent=15011"}],"wp:term":[{"taxonomy":"category","embeddable":true,"href":"https:\/\/agora.xtec.cat\/escolalavilapalamos\/wp-json\/wp\/v2\/categories?post=15011"},{"taxonomy":"post_tag","embeddable":true,"href":"https:\/\/agora.xtec.cat\/escolalavilapalamos\/wp-json\/wp\/v2\/tags?post=15011"}],"curies":[{"name":"wp","href":"https:\/\/api.w.org\/{rel}","templated":true}]}}