{"id":15006,"date":"2024-10-30T10:38:22","date_gmt":"2024-10-30T09:38:22","guid":{"rendered":"https:\/\/agora.xtec.cat\/escolalavilapalamos\/?p=15006"},"modified":"2024-10-30T10:38:22","modified_gmt":"2024-10-30T09:38:22","slug":"circulars-colonies-2","status":"publish","type":"post","link":"https:\/\/agora.xtec.cat\/escolalavilapalamos\/general\/circulars-colonies-2\/","title":{"rendered":"Circulars col\u00f2nies"},"content":{"rendered":"<p><img decoding=\"async\" src=\"https:\/\/agora.xtec.cat\/escolalavilapalamos\/wp-content\/uploads\/usu897\/2023\/10\/colonies2ok.jpg\" \/><\/p>\n<p>El curs 2024-25 anirem de <strong>col\u00f2nies.\u00a0<\/strong>Els m\u00e9s petits van de col\u00f2nies a <strong>Can Maiol<\/strong> a Sant Andreu Salou (prop de Cass\u00e0 de la Selva), a mitjans a <strong>Can Sol\u00e0<\/strong> a Vilob\u00ed d&#8217;Onyar i 4t i 5\u00e8 al Mas Girc\u00f3s a Sant Ferriol (Besal\u00fa)<strong>.<\/strong> El preu aproximat \u00e9s d&#8217;uns 100\u20ac. Aix\u00f2 inclou autocar, estada i tallers, i tamb\u00e9 la comissi\u00f3 de La Caixa. Per tal de poder confirmar la reserva a la casa de col\u00f2nies,<strong>\u00a0cal fer el pagament de 50\u20ac mitjan\u00e7ant el codi de barres.<\/strong><\/p>\n<p><strong>Cal indicar els noms i cognoms i curs de l\u2019alumne<\/strong>\u00a0a l\u2019hora de fer el pagament.<\/p>\n<p>Per\u00edode de pagament:\u00a0<strong>del dimecres 30 d\u2019octubre al diumenge 10 de novembre incl\u00f2s<\/strong>.<\/p>\n<p><strong>Cal retornar l\u2019autoritzaci\u00f3 i el comprovant d\u2019ingr\u00e9s al tutor\/a com a molt tard el dilluns 11 de novembre.<\/strong><\/p>\n<p>Us podeu descarregar les autoritzacions i els codis de barres aqu\u00ed:<\/p>\n<p><a href=\"https:\/\/drive.google.com\/file\/d\/1N-OSJtFtjUU0YzG6N_kgOmchzV39q_3z\/view?usp=sharing\">Comunitat de petits\u00a0<\/a><\/p>\n<p><a href=\"https:\/\/drive.google.com\/file\/d\/1zadZfmMOL3z5vGQZWR-q_lxV-AtbixmU\/view?usp=sharing\">Comunitat de mitjans<\/a><\/p>\n<p><a href=\"https:\/\/drive.google.com\/file\/d\/1JhW58MXaLu6dWTxEX_0EIAYpDb1B80_F\/view?usp=sharing\">(4t, 5\u00e8)<\/a><\/p>\n<p>&nbsp;<\/p>\n","protected":false},"excerpt":{"rendered":"<p>El curs 2024-25 anirem de col\u00f2nies.\u00a0Els m\u00e9s petits van de col\u00f2nies a Can Maiol a Sant Andreu Salou (prop de Cass\u00e0 de la Selva), a mitjans a Can Sol\u00e0 a Vilob\u00ed d&#8217;Onyar i 4t i 5\u00e8 al Mas Girc\u00f3s a Sant Ferriol (Besal\u00fa). El preu&hellip;  <a href=\"https:\/\/agora.xtec.cat\/escolalavilapalamos\/general\/circulars-colonies-2\/\" title=\"Read Circulars col\u00f2nies\">Llegeix m\u00e9s\u00bb<\/a><\/p>\n","protected":false},"author":1,"featured_media":0,"comment_status":"open","ping_status":"closed","sticky":false,"template":"","format":"standard","meta":{"_bbp_topic_count":0,"_bbp_reply_count":0,"_bbp_total_topic_count":0,"_bbp_total_reply_count":0,"_bbp_voice_count":0,"_bbp_anonymous_reply_count":0,"_bbp_topic_count_hidden":0,"_bbp_reply_count_hidden":0,"_bbp_forum_subforum_count":0,"footnotes":""},"categories":[128,127,2,1,4,5],"tags":[],"class_list":["post-15006","post","type-post","status-publish","format-standard","hentry","category-comunitat-de-grans","category-comunitat-de-mitjans","category-infantil","category-general","category-portada","category-primaria"],"post_mailing_queue_ids":[],"_links":{"self":[{"href":"https:\/\/agora.xtec.cat\/escolalavilapalamos\/wp-json\/wp\/v2\/posts\/15006","targetHints":{"allow":["GET"]}}],"collection":[{"href":"https:\/\/agora.xtec.cat\/escolalavilapalamos\/wp-json\/wp\/v2\/posts"}],"about":[{"href":"https:\/\/agora.xtec.cat\/escolalavilapalamos\/wp-json\/wp\/v2\/types\/post"}],"author":[{"embeddable":true,"href":"https:\/\/agora.xtec.cat\/escolalavilapalamos\/wp-json\/wp\/v2\/users\/1"}],"replies":[{"embeddable":true,"href":"https:\/\/agora.xtec.cat\/escolalavilapalamos\/wp-json\/wp\/v2\/comments?post=15006"}],"version-history":[{"count":1,"href":"https:\/\/agora.xtec.cat\/escolalavilapalamos\/wp-json\/wp\/v2\/posts\/15006\/revisions"}],"predecessor-version":[{"id":15007,"href":"https:\/\/agora.xtec.cat\/escolalavilapalamos\/wp-json\/wp\/v2\/posts\/15006\/revisions\/15007"}],"wp:attachment":[{"href":"https:\/\/agora.xtec.cat\/escolalavilapalamos\/wp-json\/wp\/v2\/media?parent=15006"}],"wp:term":[{"taxonomy":"category","embeddable":true,"href":"https:\/\/agora.xtec.cat\/escolalavilapalamos\/wp-json\/wp\/v2\/categories?post=15006"},{"taxonomy":"post_tag","embeddable":true,"href":"https:\/\/agora.xtec.cat\/escolalavilapalamos\/wp-json\/wp\/v2\/tags?post=15006"}],"curies":[{"name":"wp","href":"https:\/\/api.w.org\/{rel}","templated":true}]}}