{"id":14991,"date":"2024-10-28T16:57:36","date_gmt":"2024-10-28T15:57:36","guid":{"rendered":"https:\/\/agora.xtec.cat\/escolalavilapalamos\/?p=14991"},"modified":"2024-10-28T16:59:45","modified_gmt":"2024-10-28T15:59:45","slug":"xerrada-peix-blau-a-4t","status":"publish","type":"post","link":"https:\/\/agora.xtec.cat\/escolalavilapalamos\/general\/xerrada-peix-blau-a-4t\/","title":{"rendered":"Xerrada Peix Blau a 4t"},"content":{"rendered":"<p><span style=\"font-weight: 400;\">El passat dijous 24 d&#8217;octubre van venir a les classes de quart la Bel\u00e9n i en Miquel, de l\u2019associaci\u00f3 de pescadors de peix blau, a fer-nos una xerrada. Ha estat molt interessant la seva explicaci\u00f3. No nom\u00e9s ens han parlat sobre els avantatges de menjar peix blau, sin\u00f3 que tamb\u00e9 ens ha explicat com el <\/span><span style=\"font-weight: 400;\">pesquen, en quins ports\u2026 Fins i tot ens ha portat una recepta perqu\u00e8 puguem fer a casa: seitons amb toc de llimona.<\/span><\/p>\n<p><span style=\"font-weight: 400;\">Ja ho sabeu, podeu anar avui mateix a la peixateria a comprat seitons, sardines o verats i fer un bon sopar!<\/span><\/p>\n<p>Podeu veure les fotografies accedint <a href=\"https:\/\/agora.xtec.cat\/escolalavilapalamos\/general\/fotos-xerrada-peix-blau-4t\/\">aqu\u00ed<\/a>.<a href=\"https:\/\/agora.xtec.cat\/escolalavilapalamos\/wp-content\/uploads\/usu897\/2024\/10\/IMG_6475-scaled.jpg\"><img loading=\"lazy\" decoding=\"async\" class=\"wp-image-14992 aligncenter\" src=\"https:\/\/agora.xtec.cat\/escolalavilapalamos\/wp-content\/uploads\/usu897\/2024\/10\/IMG_6475-scaled.jpg\" alt=\"\" width=\"169\" height=\"225\" srcset=\"https:\/\/agora.xtec.cat\/escolalavilapalamos\/wp-content\/uploads\/usu897\/2024\/10\/IMG_6475-scaled.jpg 1920w, https:\/\/agora.xtec.cat\/escolalavilapalamos\/wp-content\/uploads\/usu897\/2024\/10\/IMG_6475-225x300.jpg 225w, https:\/\/agora.xtec.cat\/escolalavilapalamos\/wp-content\/uploads\/usu897\/2024\/10\/IMG_6475-768x1024.jpg 768w, https:\/\/agora.xtec.cat\/escolalavilapalamos\/wp-content\/uploads\/usu897\/2024\/10\/IMG_6475-1152x1536.jpg 1152w, https:\/\/agora.xtec.cat\/escolalavilapalamos\/wp-content\/uploads\/usu897\/2024\/10\/IMG_6475-1536x2048.jpg 1536w\" sizes=\"auto, (max-width: 169px) 100vw, 169px\" \/><\/a><\/p>\n","protected":false},"excerpt":{"rendered":"<p>El passat dijous 24 d&#8217;octubre van venir a les classes de quart la Bel\u00e9n i en Miquel, de l\u2019associaci\u00f3 de pescadors de peix blau, a fer-nos una xerrada. Ha estat molt interessant la seva explicaci\u00f3. No nom\u00e9s ens han parlat sobre els avantatges de menjar&hellip;  <a href=\"https:\/\/agora.xtec.cat\/escolalavilapalamos\/general\/xerrada-peix-blau-a-4t\/\" title=\"Read Xerrada Peix Blau a 4t\">Llegeix m\u00e9s\u00bb<\/a><\/p>\n","protected":false},"author":132,"featured_media":0,"comment_status":"open","ping_status":"closed","sticky":false,"template":"","format":"standard","meta":{"_bbp_topic_count":0,"_bbp_reply_count":0,"_bbp_total_topic_count":0,"_bbp_total_reply_count":0,"_bbp_voice_count":0,"_bbp_anonymous_reply_count":0,"_bbp_topic_count_hidden":0,"_bbp_reply_count_hidden":0,"_bbp_forum_subforum_count":0,"footnotes":""},"categories":[128,1,4],"tags":[],"class_list":["post-14991","post","type-post","status-publish","format-standard","hentry","category-comunitat-de-grans","category-general","category-portada"],"post_mailing_queue_ids":[],"_links":{"self":[{"href":"https:\/\/agora.xtec.cat\/escolalavilapalamos\/wp-json\/wp\/v2\/posts\/14991","targetHints":{"allow":["GET"]}}],"collection":[{"href":"https:\/\/agora.xtec.cat\/escolalavilapalamos\/wp-json\/wp\/v2\/posts"}],"about":[{"href":"https:\/\/agora.xtec.cat\/escolalavilapalamos\/wp-json\/wp\/v2\/types\/post"}],"author":[{"embeddable":true,"href":"https:\/\/agora.xtec.cat\/escolalavilapalamos\/wp-json\/wp\/v2\/users\/132"}],"replies":[{"embeddable":true,"href":"https:\/\/agora.xtec.cat\/escolalavilapalamos\/wp-json\/wp\/v2\/comments?post=14991"}],"version-history":[{"count":4,"href":"https:\/\/agora.xtec.cat\/escolalavilapalamos\/wp-json\/wp\/v2\/posts\/14991\/revisions"}],"predecessor-version":[{"id":14999,"href":"https:\/\/agora.xtec.cat\/escolalavilapalamos\/wp-json\/wp\/v2\/posts\/14991\/revisions\/14999"}],"wp:attachment":[{"href":"https:\/\/agora.xtec.cat\/escolalavilapalamos\/wp-json\/wp\/v2\/media?parent=14991"}],"wp:term":[{"taxonomy":"category","embeddable":true,"href":"https:\/\/agora.xtec.cat\/escolalavilapalamos\/wp-json\/wp\/v2\/categories?post=14991"},{"taxonomy":"post_tag","embeddable":true,"href":"https:\/\/agora.xtec.cat\/escolalavilapalamos\/wp-json\/wp\/v2\/tags?post=14991"}],"curies":[{"name":"wp","href":"https:\/\/api.w.org\/{rel}","templated":true}]}}