{"id":14963,"date":"2024-10-24T13:17:16","date_gmt":"2024-10-24T11:17:16","guid":{"rendered":"https:\/\/agora.xtec.cat\/escolalavilapalamos\/?p=14963"},"modified":"2024-10-24T13:17:16","modified_gmt":"2024-10-24T11:17:16","slug":"musica-a-1r-so-i-silenci","status":"publish","type":"post","link":"https:\/\/agora.xtec.cat\/escolalavilapalamos\/general\/musica-a-1r-so-i-silenci\/","title":{"rendered":"M\u00fasica a 1r: So i silenci"},"content":{"rendered":"<p>Mitjan\u00e7ant les grafies del so i el silenci i els instruments de percussi\u00f3 determinada,\u00a0 els i les alumnes de 1r van crear\u00a0 el seu propi concert del so i el silenci. Una activitat que ens va ajudar a consolidar aquest contingut i que ens anticipa l&#8217;arribada de nous sabers!<\/p>\n<p>Podeu veure les fotos clicant <a href=\"https:\/\/agora.xtec.cat\/escolalavilapalamos\/general\/fotos-fem-musica-a-1r\/\">aqu\u00ed.<\/a><\/p>\n<p><img loading=\"lazy\" decoding=\"async\" class=\"aligncenter\" src=\"https:\/\/www.profespapeltijera.com\/storage\/img\/products\/2022-03-27\/1007be92e965940a62409bcc3e0aa440\/1007be92e965940a62409bcc3e0aa440.jpg\" alt=\"Profes Papel Tijera CARTELLS QUALITATS DEL SO\" width=\"168\" height=\"119\" \/><\/p>\n","protected":false},"excerpt":{"rendered":"<p>Mitjan\u00e7ant les grafies del so i el silenci i els instruments de percussi\u00f3 determinada,\u00a0 els i les alumnes de 1r van crear\u00a0 el seu propi concert del so i el silenci. Una activitat que ens va ajudar a consolidar aquest contingut i que ens anticipa&hellip;  <a href=\"https:\/\/agora.xtec.cat\/escolalavilapalamos\/general\/musica-a-1r-so-i-silenci\/\" title=\"Read M\u00fasica a 1r: So i silenci\">Llegeix m\u00e9s\u00bb<\/a><\/p>\n","protected":false},"author":131,"featured_media":0,"comment_status":"open","ping_status":"closed","sticky":false,"template":"","format":"standard","meta":{"_bbp_topic_count":0,"_bbp_reply_count":0,"_bbp_total_topic_count":0,"_bbp_total_reply_count":0,"_bbp_voice_count":0,"_bbp_anonymous_reply_count":0,"_bbp_topic_count_hidden":0,"_bbp_reply_count_hidden":0,"_bbp_forum_subforum_count":0,"footnotes":""},"categories":[127,67,1,4],"tags":[],"class_list":["post-14963","post","type-post","status-publish","format-standard","hentry","category-comunitat-de-mitjans","category-especialistes","category-general","category-portada"],"post_mailing_queue_ids":[],"_links":{"self":[{"href":"https:\/\/agora.xtec.cat\/escolalavilapalamos\/wp-json\/wp\/v2\/posts\/14963","targetHints":{"allow":["GET"]}}],"collection":[{"href":"https:\/\/agora.xtec.cat\/escolalavilapalamos\/wp-json\/wp\/v2\/posts"}],"about":[{"href":"https:\/\/agora.xtec.cat\/escolalavilapalamos\/wp-json\/wp\/v2\/types\/post"}],"author":[{"embeddable":true,"href":"https:\/\/agora.xtec.cat\/escolalavilapalamos\/wp-json\/wp\/v2\/users\/131"}],"replies":[{"embeddable":true,"href":"https:\/\/agora.xtec.cat\/escolalavilapalamos\/wp-json\/wp\/v2\/comments?post=14963"}],"version-history":[{"count":2,"href":"https:\/\/agora.xtec.cat\/escolalavilapalamos\/wp-json\/wp\/v2\/posts\/14963\/revisions"}],"predecessor-version":[{"id":14977,"href":"https:\/\/agora.xtec.cat\/escolalavilapalamos\/wp-json\/wp\/v2\/posts\/14963\/revisions\/14977"}],"wp:attachment":[{"href":"https:\/\/agora.xtec.cat\/escolalavilapalamos\/wp-json\/wp\/v2\/media?parent=14963"}],"wp:term":[{"taxonomy":"category","embeddable":true,"href":"https:\/\/agora.xtec.cat\/escolalavilapalamos\/wp-json\/wp\/v2\/categories?post=14963"},{"taxonomy":"post_tag","embeddable":true,"href":"https:\/\/agora.xtec.cat\/escolalavilapalamos\/wp-json\/wp\/v2\/tags?post=14963"}],"curies":[{"name":"wp","href":"https:\/\/api.w.org\/{rel}","templated":true}]}}