{"id":14960,"date":"2024-10-24T13:12:31","date_gmt":"2024-10-24T11:12:31","guid":{"rendered":"https:\/\/agora.xtec.cat\/escolalavilapalamos\/?p=14960"},"modified":"2024-10-24T13:12:31","modified_gmt":"2024-10-24T11:12:31","slug":"projecte-musica-i-english-4t","status":"publish","type":"post","link":"https:\/\/agora.xtec.cat\/escolalavilapalamos\/general\/projecte-musica-i-english-4t\/","title":{"rendered":"PROJECTE M\u00daSICA I ENGLISH 4T"},"content":{"rendered":"<p>A l&#8217;\u00e0rea de M\u00fasica i English, hem creat un cant divertit amb els alumnes de 4t per iniciar el curs. La idea va sorgir de compondre una melodia alegre i energ\u00e8tica que els represent\u00e9s, combinant-la amb el ritme i la percussi\u00f3 corporal. Finalment, ho hem fusionat tot, i aqu\u00ed en teniu els resultats. Ha estat una manera divertida de trencar el gel despr\u00e9s de les vacances d&#8217;estiu.<\/p>\n<p>Podeu veure el v\u00eddeo accedint <a href=\"https:\/\/agora.xtec.cat\/escolalavilapalamos\/general\/video-projecte-musica-i-english\/\">aqu\u00ed<\/a>.<\/p>\n<p><a href=\"https:\/\/agora.xtec.cat\/escolalavilapalamos\/wp-content\/uploads\/usu897\/2024\/10\/music-english.jpg\"><img loading=\"lazy\" decoding=\"async\" class=\"aligncenter  wp-image-14973\" src=\"https:\/\/agora.xtec.cat\/escolalavilapalamos\/wp-content\/uploads\/usu897\/2024\/10\/music-english.jpg\" alt=\"\" width=\"443\" height=\"215\" srcset=\"https:\/\/agora.xtec.cat\/escolalavilapalamos\/wp-content\/uploads\/usu897\/2024\/10\/music-english.jpg 835w, https:\/\/agora.xtec.cat\/escolalavilapalamos\/wp-content\/uploads\/usu897\/2024\/10\/music-english-300x146.jpg 300w, https:\/\/agora.xtec.cat\/escolalavilapalamos\/wp-content\/uploads\/usu897\/2024\/10\/music-english-768x373.jpg 768w\" sizes=\"auto, (max-width: 443px) 100vw, 443px\" \/><\/a><\/p>\n<p>&nbsp;<\/p>\n<p>&nbsp;<\/p>\n","protected":false},"excerpt":{"rendered":"<p>A l&#8217;\u00e0rea de M\u00fasica i English, hem creat un cant divertit amb els alumnes de 4t per iniciar el curs. La idea va sorgir de compondre una melodia alegre i energ\u00e8tica que els represent\u00e9s, combinant-la amb el ritme i la percussi\u00f3 corporal. Finalment, ho hem&hellip;  <a href=\"https:\/\/agora.xtec.cat\/escolalavilapalamos\/general\/projecte-musica-i-english-4t\/\" title=\"Read PROJECTE M\u00daSICA I ENGLISH 4T\">Llegeix m\u00e9s\u00bb<\/a><\/p>\n","protected":false},"author":132,"featured_media":0,"comment_status":"open","ping_status":"closed","sticky":false,"template":"","format":"standard","meta":{"_bbp_topic_count":0,"_bbp_reply_count":0,"_bbp_total_topic_count":0,"_bbp_total_reply_count":0,"_bbp_voice_count":0,"_bbp_anonymous_reply_count":0,"_bbp_topic_count_hidden":0,"_bbp_reply_count_hidden":0,"_bbp_forum_subforum_count":0,"footnotes":""},"categories":[128,67,1,4],"tags":[],"class_list":["post-14960","post","type-post","status-publish","format-standard","hentry","category-comunitat-de-grans","category-especialistes","category-general","category-portada"],"post_mailing_queue_ids":[],"_links":{"self":[{"href":"https:\/\/agora.xtec.cat\/escolalavilapalamos\/wp-json\/wp\/v2\/posts\/14960","targetHints":{"allow":["GET"]}}],"collection":[{"href":"https:\/\/agora.xtec.cat\/escolalavilapalamos\/wp-json\/wp\/v2\/posts"}],"about":[{"href":"https:\/\/agora.xtec.cat\/escolalavilapalamos\/wp-json\/wp\/v2\/types\/post"}],"author":[{"embeddable":true,"href":"https:\/\/agora.xtec.cat\/escolalavilapalamos\/wp-json\/wp\/v2\/users\/132"}],"replies":[{"embeddable":true,"href":"https:\/\/agora.xtec.cat\/escolalavilapalamos\/wp-json\/wp\/v2\/comments?post=14960"}],"version-history":[{"count":2,"href":"https:\/\/agora.xtec.cat\/escolalavilapalamos\/wp-json\/wp\/v2\/posts\/14960\/revisions"}],"predecessor-version":[{"id":14974,"href":"https:\/\/agora.xtec.cat\/escolalavilapalamos\/wp-json\/wp\/v2\/posts\/14960\/revisions\/14974"}],"wp:attachment":[{"href":"https:\/\/agora.xtec.cat\/escolalavilapalamos\/wp-json\/wp\/v2\/media?parent=14960"}],"wp:term":[{"taxonomy":"category","embeddable":true,"href":"https:\/\/agora.xtec.cat\/escolalavilapalamos\/wp-json\/wp\/v2\/categories?post=14960"},{"taxonomy":"post_tag","embeddable":true,"href":"https:\/\/agora.xtec.cat\/escolalavilapalamos\/wp-json\/wp\/v2\/tags?post=14960"}],"curies":[{"name":"wp","href":"https:\/\/api.w.org\/{rel}","templated":true}]}}