{"id":14934,"date":"2024-10-29T15:54:08","date_gmt":"2024-10-29T14:54:08","guid":{"rendered":"https:\/\/agora.xtec.cat\/escolalavilapalamos\/?p=14934"},"modified":"2024-10-29T15:54:08","modified_gmt":"2024-10-29T14:54:08","slug":"robotica-a-6e","status":"publish","type":"post","link":"https:\/\/agora.xtec.cat\/escolalavilapalamos\/general\/robotica-a-6e\/","title":{"rendered":"ROB\u00d2TICA A 6\u00e8"},"content":{"rendered":"<p>Els alumnes de 6\u00e8 hem iniciat el treball de rob\u00f2tica a l&#8217;escola. A finals del curs passat van arribar lots de robots del marc del Pla d&#8217;educaci\u00f3 Digital de Catalunya, on el Departament d&#8217;educaci\u00f3 ha definit accions d&#8217;acompanyar als centres en la seva transformaci\u00f3 digital, finan\u00e7at per fons europeus del programa #EcoDigEdu.<\/p>\n<p>El\u00a0<strong>Pensament Computacional<\/strong>\u00a0\u00e9s considerat com una habilitat fonamental per a la vida en el segle XXI, i aquesta import\u00e0ncia es reflecteix en el\u00a0<a href=\"https:\/\/educacio.gencat.cat\/ca\/departament\/linies-estrategiques\/pla-educacio-digital\/\" target=\"_blank\" rel=\"noreferrer noopener\">Pla d\u2019Educaci\u00f3 Digital de Catalunya.<\/a> Per aquest motiu, iniciem el treball amb robots i plaques microcontroladores.<\/p>\n<p>Un cop haguem fet el tastet, ens endinsarem al projecte proposat per l&#8217;\u00c0rea de Cultura Digital del Departament d&#8217;Educaci\u00f3: &#8220;<a href=\"https:\/\/projectes.xtec.cat\/pensament-computacional\/robots-en-accio\/\">Robots en acci\u00f3!<\/a>&#8220;. Aquesta proposta t\u00e9 com a objectiu desenvolupar la compet\u00e8ncia digital de l&#8217;alumnat i el pensament computacional aprofitant la dotaci\u00f3 de rob\u00f2tica.<\/p>\n<p>El projecte consisteix en la superaci\u00f3 de 6 missions que l&#8217;alumnat haur\u00e0 de superar mitjan\u00e7ant els robots que tenim a l&#8217;escola. Els reptes tindran relaci\u00f3 amb la f\u00edsica. Us anirem donant m\u00e9s detalls!<\/p>\n<p>Podeu veure les fotos accedint<a href=\"https:\/\/agora.xtec.cat\/escolalavilapalamos\/general\/fotos-robotica-a-6e\/\"> aqu\u00ed.<\/a><\/p>\n<p><a href=\"https:\/\/agora.xtec.cat\/escolalavilapalamos\/wp-content\/uploads\/usu897\/2024\/10\/IMG_7135-scaled.jpg\"><img loading=\"lazy\" decoding=\"async\" class=\"wp-image-14986 alignleft\" src=\"https:\/\/agora.xtec.cat\/escolalavilapalamos\/wp-content\/uploads\/usu897\/2024\/10\/IMG_7135-scaled.jpg\" alt=\"\" width=\"442\" height=\"332\" srcset=\"https:\/\/agora.xtec.cat\/escolalavilapalamos\/wp-content\/uploads\/usu897\/2024\/10\/IMG_7135-scaled.jpg 2560w, https:\/\/agora.xtec.cat\/escolalavilapalamos\/wp-content\/uploads\/usu897\/2024\/10\/IMG_7135-300x225.jpg 300w, https:\/\/agora.xtec.cat\/escolalavilapalamos\/wp-content\/uploads\/usu897\/2024\/10\/IMG_7135-1024x768.jpg 1024w, https:\/\/agora.xtec.cat\/escolalavilapalamos\/wp-content\/uploads\/usu897\/2024\/10\/IMG_7135-768x576.jpg 768w, https:\/\/agora.xtec.cat\/escolalavilapalamos\/wp-content\/uploads\/usu897\/2024\/10\/IMG_7135-1536x1152.jpg 1536w, https:\/\/agora.xtec.cat\/escolalavilapalamos\/wp-content\/uploads\/usu897\/2024\/10\/IMG_7135-2048x1536.jpg 2048w, https:\/\/agora.xtec.cat\/escolalavilapalamos\/wp-content\/uploads\/usu897\/2024\/10\/IMG_7135-200x150.jpg 200w\" sizes=\"auto, (max-width: 442px) 100vw, 442px\" \/><\/a><\/p>\n<p>&nbsp;<\/p>\n<p>&nbsp;<\/p>\n<p>&nbsp;<\/p>\n<p>&nbsp;<\/p>\n<p>&nbsp;<\/p>\n<div class=\"wp-block-spacer\" aria-hidden=\"true\"><\/div>\n<div class=\"wp-block-columns alignwide is-layout-flex wp-container-core-columns-is-layout-2 wp-block-columns-is-layout-flex\">\n<div class=\"wp-block-column is-layout-flow wp-block-column-is-layout-flow\">\n<p>&nbsp;<\/p>\n<\/div>\n<\/div>\n","protected":false},"excerpt":{"rendered":"<p>Els alumnes de 6\u00e8 hem iniciat el treball de rob\u00f2tica a l&#8217;escola. A finals del curs passat van arribar lots de robots del marc del Pla d&#8217;educaci\u00f3 Digital de Catalunya, on el Departament d&#8217;educaci\u00f3 ha definit accions d&#8217;acompanyar als centres en la seva transformaci\u00f3 digital,&hellip;  <a href=\"https:\/\/agora.xtec.cat\/escolalavilapalamos\/general\/robotica-a-6e\/\" title=\"Read ROB\u00d2TICA A 6\u00e8\">Llegeix m\u00e9s\u00bb<\/a><\/p>\n","protected":false},"author":132,"featured_media":0,"comment_status":"closed","ping_status":"closed","sticky":false,"template":"","format":"standard","meta":{"_bbp_topic_count":0,"_bbp_reply_count":0,"_bbp_total_topic_count":0,"_bbp_total_reply_count":0,"_bbp_voice_count":0,"_bbp_anonymous_reply_count":0,"_bbp_topic_count_hidden":0,"_bbp_reply_count_hidden":0,"_bbp_forum_subforum_count":0,"footnotes":""},"categories":[128,1,4,5],"tags":[],"class_list":["post-14934","post","type-post","status-publish","format-standard","hentry","category-comunitat-de-grans","category-general","category-portada","category-primaria"],"post_mailing_queue_ids":[],"_links":{"self":[{"href":"https:\/\/agora.xtec.cat\/escolalavilapalamos\/wp-json\/wp\/v2\/posts\/14934","targetHints":{"allow":["GET"]}}],"collection":[{"href":"https:\/\/agora.xtec.cat\/escolalavilapalamos\/wp-json\/wp\/v2\/posts"}],"about":[{"href":"https:\/\/agora.xtec.cat\/escolalavilapalamos\/wp-json\/wp\/v2\/types\/post"}],"author":[{"embeddable":true,"href":"https:\/\/agora.xtec.cat\/escolalavilapalamos\/wp-json\/wp\/v2\/users\/132"}],"replies":[{"embeddable":true,"href":"https:\/\/agora.xtec.cat\/escolalavilapalamos\/wp-json\/wp\/v2\/comments?post=14934"}],"version-history":[{"count":3,"href":"https:\/\/agora.xtec.cat\/escolalavilapalamos\/wp-json\/wp\/v2\/posts\/14934\/revisions"}],"predecessor-version":[{"id":15001,"href":"https:\/\/agora.xtec.cat\/escolalavilapalamos\/wp-json\/wp\/v2\/posts\/14934\/revisions\/15001"}],"wp:attachment":[{"href":"https:\/\/agora.xtec.cat\/escolalavilapalamos\/wp-json\/wp\/v2\/media?parent=14934"}],"wp:term":[{"taxonomy":"category","embeddable":true,"href":"https:\/\/agora.xtec.cat\/escolalavilapalamos\/wp-json\/wp\/v2\/categories?post=14934"},{"taxonomy":"post_tag","embeddable":true,"href":"https:\/\/agora.xtec.cat\/escolalavilapalamos\/wp-json\/wp\/v2\/tags?post=14934"}],"curies":[{"name":"wp","href":"https:\/\/api.w.org\/{rel}","templated":true}]}}