{"id":14913,"date":"2024-10-23T15:45:58","date_gmt":"2024-10-23T13:45:58","guid":{"rendered":"https:\/\/agora.xtec.cat\/escolalavilapalamos\/?p=14913"},"modified":"2024-10-23T15:45:58","modified_gmt":"2024-10-23T13:45:58","slug":"coneixem-palamos-2n","status":"publish","type":"post","link":"https:\/\/agora.xtec.cat\/escolalavilapalamos\/general\/coneixem-palamos-2n\/","title":{"rendered":"CONEIXEM PALAM\u00d3S &#8211; 2n"},"content":{"rendered":"<p>&nbsp;<\/p>\n<p><a href=\"https:\/\/agora.xtec.cat\/escolalavilapalamos\/wp-content\/uploads\/usu897\/2024\/10\/20241017_094215-scaled.jpg\"><img loading=\"lazy\" decoding=\"async\" class=\"wp-image-14946 size-medium alignright\" src=\"https:\/\/agora.xtec.cat\/escolalavilapalamos\/wp-content\/uploads\/usu897\/2024\/10\/20241017_094215-225x300.jpg\" alt=\"\" width=\"225\" height=\"300\" srcset=\"https:\/\/agora.xtec.cat\/escolalavilapalamos\/wp-content\/uploads\/usu897\/2024\/10\/20241017_094215-225x300.jpg 225w, https:\/\/agora.xtec.cat\/escolalavilapalamos\/wp-content\/uploads\/usu897\/2024\/10\/20241017_094215-768x1024.jpg 768w, https:\/\/agora.xtec.cat\/escolalavilapalamos\/wp-content\/uploads\/usu897\/2024\/10\/20241017_094215-1152x1536.jpg 1152w, https:\/\/agora.xtec.cat\/escolalavilapalamos\/wp-content\/uploads\/usu897\/2024\/10\/20241017_094215-1536x2048.jpg 1536w, https:\/\/agora.xtec.cat\/escolalavilapalamos\/wp-content\/uploads\/usu897\/2024\/10\/20241017_094215-scaled.jpg 1920w\" sizes=\"auto, (max-width: 225px) 100vw, 225px\" \/><\/a>El passat dijous 17 d&#8217;octubre els nens i nenes de 2n vam fer una sortida pel poble per aprofundir en el qu\u00e8 estem fent a treball globalitzat.<\/p>\n<p>Vam fer una ruta a peu per veure els seg\u00fcents llocs: l&#8217;esgl\u00e9sia, l&#8217;ajuntament, el can\u00f3, el mur, el port i la llotja.<\/p>\n<p>Seguidament, vam anar al far per poder-ne fer un dibuix i vam aprofitar per esmorzar.<\/p>\n<p>Per acabar, de tornada a l&#8217;escola, vam tenir una estoneta per jugar al Parc de l&#8217;Arbreda.<\/p>\n<p>Ens ho vam passar molt b\u00e9!<\/p>\n<p>Podeu veure les fotos accedint <a href=\"https:\/\/agora.xtec.cat\/escolalavilapalamos\/general\/fotos-poble-2n\/\">aqu\u00ed<\/a><\/p>\n","protected":false},"excerpt":{"rendered":"<p>&nbsp;<br \/>\n<a href=\"https:\/\/agora.xtec.cat\/escolalavilapalamos\/wp-content\/uploads\/usu897\/2024\/10\/20241017_094215-scaled.jpg\"><\/a>El passat dijous 17 d&#8217;octubre els nens i nenes de 2n vam fer una sortida pel poble per aprofundir en el qu\u00e8 estem fent a treball globalitzat.<br \/>\nVam fer una ruta a peu per veure els seg\u00fcents llocs: l&#8217;esgl\u00e9sia, l&#8217;ajuntament, el can\u00f3, el mur, el&hellip;  <a href=\"https:\/\/agora.xtec.cat\/escolalavilapalamos\/general\/coneixem-palamos-2n\/\" title=\"Read CONEIXEM PALAM\u00d3S &#8211; 2n\">Llegeix m\u00e9s\u00bb<\/a><\/p>\n","protected":false},"author":131,"featured_media":0,"comment_status":"open","ping_status":"closed","sticky":false,"template":"","format":"standard","meta":{"_bbp_topic_count":0,"_bbp_reply_count":0,"_bbp_total_topic_count":0,"_bbp_total_reply_count":0,"_bbp_voice_count":0,"_bbp_anonymous_reply_count":0,"_bbp_topic_count_hidden":0,"_bbp_reply_count_hidden":0,"_bbp_forum_subforum_count":0,"footnotes":""},"categories":[1,4],"tags":[],"class_list":["post-14913","post","type-post","status-publish","format-standard","hentry","category-general","category-portada"],"post_mailing_queue_ids":[],"_links":{"self":[{"href":"https:\/\/agora.xtec.cat\/escolalavilapalamos\/wp-json\/wp\/v2\/posts\/14913","targetHints":{"allow":["GET"]}}],"collection":[{"href":"https:\/\/agora.xtec.cat\/escolalavilapalamos\/wp-json\/wp\/v2\/posts"}],"about":[{"href":"https:\/\/agora.xtec.cat\/escolalavilapalamos\/wp-json\/wp\/v2\/types\/post"}],"author":[{"embeddable":true,"href":"https:\/\/agora.xtec.cat\/escolalavilapalamos\/wp-json\/wp\/v2\/users\/131"}],"replies":[{"embeddable":true,"href":"https:\/\/agora.xtec.cat\/escolalavilapalamos\/wp-json\/wp\/v2\/comments?post=14913"}],"version-history":[{"count":4,"href":"https:\/\/agora.xtec.cat\/escolalavilapalamos\/wp-json\/wp\/v2\/posts\/14913\/revisions"}],"predecessor-version":[{"id":14947,"href":"https:\/\/agora.xtec.cat\/escolalavilapalamos\/wp-json\/wp\/v2\/posts\/14913\/revisions\/14947"}],"wp:attachment":[{"href":"https:\/\/agora.xtec.cat\/escolalavilapalamos\/wp-json\/wp\/v2\/media?parent=14913"}],"wp:term":[{"taxonomy":"category","embeddable":true,"href":"https:\/\/agora.xtec.cat\/escolalavilapalamos\/wp-json\/wp\/v2\/categories?post=14913"},{"taxonomy":"post_tag","embeddable":true,"href":"https:\/\/agora.xtec.cat\/escolalavilapalamos\/wp-json\/wp\/v2\/tags?post=14913"}],"curies":[{"name":"wp","href":"https:\/\/api.w.org\/{rel}","templated":true}]}}