{"id":14903,"date":"2024-10-21T09:46:41","date_gmt":"2024-10-21T07:46:41","guid":{"rendered":"https:\/\/agora.xtec.cat\/escolalavilapalamos\/?p=14903"},"modified":"2024-10-22T09:43:58","modified_gmt":"2024-10-22T07:43:58","slug":"sortida-de-3r_ruta-pirata","status":"publish","type":"post","link":"https:\/\/agora.xtec.cat\/escolalavilapalamos\/general\/sortida-de-3r_ruta-pirata\/","title":{"rendered":"SORTIDA DE 3R_RUTA PIRATA"},"content":{"rendered":"<p>El dijous 3 d&#8217;octubre, la classe de 3rA i 3rB vam anar a fer una sortida per Palam\u00f3s.<\/p>\n<p>Vam agafar la jaqueta perqu\u00e8 feia molt de vent i, xino-xano, tot passejant, vam arribar a la Pla\u00e7a Murada. All\u00e0 ens esperava en Jordi, el nostre guia.<\/p>\n<p>Ens va fer un ruta per llocs de Palam\u00f3s on havia estat el pirata Barba-rossa i ens anava explicant la hist\u00f2ria del que hi va passar: Pla\u00e7a Murada, Carrer del perill, carrer del Mal pas, Pla\u00e7a del forn&#8230; Us hi heu fixat, quins noms m\u00e9s curiosos? Doncs cadascun amaga un trosset d&#8217;hist\u00f2ria. Si voleu saber-la, aneu-hi, aneu-hi&#8230;!<\/p>\n<p>A la paret, en un rac\u00f3 d&#8217;aquests carrers, podreu llegir el que hi va passar! No us ho perdeu!<\/p>\n<p>Podeu veure les fotos accedint <a href=\"https:\/\/agora.xtec.cat\/escolalavilapalamos\/general\/fotos-sortida-3r_ruta-pirata\/\">aqu\u00ed<\/a><\/p>\n<div><\/div>\n<div><a href=\"https:\/\/agora.xtec.cat\/escolalavilapalamos\/wp-content\/uploads\/usu897\/2024\/10\/IMG_9921-scaled.jpg\"><img loading=\"lazy\" decoding=\"async\" class=\"wp-image-14904 aligncenter\" src=\"https:\/\/agora.xtec.cat\/escolalavilapalamos\/wp-content\/uploads\/usu897\/2024\/10\/IMG_9921-692x1024.jpg\" alt=\"\" width=\"205\" height=\"303\" srcset=\"https:\/\/agora.xtec.cat\/escolalavilapalamos\/wp-content\/uploads\/usu897\/2024\/10\/IMG_9921-692x1024.jpg 692w, https:\/\/agora.xtec.cat\/escolalavilapalamos\/wp-content\/uploads\/usu897\/2024\/10\/IMG_9921-203x300.jpg 203w, https:\/\/agora.xtec.cat\/escolalavilapalamos\/wp-content\/uploads\/usu897\/2024\/10\/IMG_9921-768x1136.jpg 768w, https:\/\/agora.xtec.cat\/escolalavilapalamos\/wp-content\/uploads\/usu897\/2024\/10\/IMG_9921-1039x1536.jpg 1039w, https:\/\/agora.xtec.cat\/escolalavilapalamos\/wp-content\/uploads\/usu897\/2024\/10\/IMG_9921-1385x2048.jpg 1385w, https:\/\/agora.xtec.cat\/escolalavilapalamos\/wp-content\/uploads\/usu897\/2024\/10\/IMG_9921-scaled.jpg 1731w\" sizes=\"auto, (max-width: 205px) 100vw, 205px\" \/><\/a><\/div>\n","protected":false},"excerpt":{"rendered":"<p>El dijous 3 d&#8217;octubre, la classe de 3rA i 3rB vam anar a fer una sortida per Palam\u00f3s.<br \/>\nVam agafar la jaqueta perqu\u00e8 feia molt de vent i, xino-xano, tot passejant, vam arribar a la Pla\u00e7a Murada. All\u00e0 ens esperava en Jordi, el nostre guia.<br \/>\nEns va&hellip;  <a href=\"https:\/\/agora.xtec.cat\/escolalavilapalamos\/general\/sortida-de-3r_ruta-pirata\/\" title=\"Read SORTIDA DE 3R_RUTA PIRATA\">Llegeix m\u00e9s\u00bb<\/a><\/p>\n","protected":false},"author":131,"featured_media":14904,"comment_status":"open","ping_status":"closed","sticky":false,"template":"","format":"standard","meta":{"_bbp_topic_count":0,"_bbp_reply_count":0,"_bbp_total_topic_count":0,"_bbp_total_reply_count":0,"_bbp_voice_count":0,"_bbp_anonymous_reply_count":0,"_bbp_topic_count_hidden":0,"_bbp_reply_count_hidden":0,"_bbp_forum_subforum_count":0,"footnotes":""},"categories":[127,1,4],"tags":[],"class_list":["post-14903","post","type-post","status-publish","format-standard","has-post-thumbnail","hentry","category-comunitat-de-mitjans","category-general","category-portada"],"post_mailing_queue_ids":[],"_links":{"self":[{"href":"https:\/\/agora.xtec.cat\/escolalavilapalamos\/wp-json\/wp\/v2\/posts\/14903","targetHints":{"allow":["GET"]}}],"collection":[{"href":"https:\/\/agora.xtec.cat\/escolalavilapalamos\/wp-json\/wp\/v2\/posts"}],"about":[{"href":"https:\/\/agora.xtec.cat\/escolalavilapalamos\/wp-json\/wp\/v2\/types\/post"}],"author":[{"embeddable":true,"href":"https:\/\/agora.xtec.cat\/escolalavilapalamos\/wp-json\/wp\/v2\/users\/131"}],"replies":[{"embeddable":true,"href":"https:\/\/agora.xtec.cat\/escolalavilapalamos\/wp-json\/wp\/v2\/comments?post=14903"}],"version-history":[{"count":5,"href":"https:\/\/agora.xtec.cat\/escolalavilapalamos\/wp-json\/wp\/v2\/posts\/14903\/revisions"}],"predecessor-version":[{"id":14919,"href":"https:\/\/agora.xtec.cat\/escolalavilapalamos\/wp-json\/wp\/v2\/posts\/14903\/revisions\/14919"}],"wp:featuredmedia":[{"embeddable":true,"href":"https:\/\/agora.xtec.cat\/escolalavilapalamos\/wp-json\/wp\/v2\/media\/14904"}],"wp:attachment":[{"href":"https:\/\/agora.xtec.cat\/escolalavilapalamos\/wp-json\/wp\/v2\/media?parent=14903"}],"wp:term":[{"taxonomy":"category","embeddable":true,"href":"https:\/\/agora.xtec.cat\/escolalavilapalamos\/wp-json\/wp\/v2\/categories?post=14903"},{"taxonomy":"post_tag","embeddable":true,"href":"https:\/\/agora.xtec.cat\/escolalavilapalamos\/wp-json\/wp\/v2\/tags?post=14903"}],"curies":[{"name":"wp","href":"https:\/\/api.w.org\/{rel}","templated":true}]}}