{"id":14902,"date":"2024-10-22T09:49:11","date_gmt":"2024-10-22T07:49:11","guid":{"rendered":"https:\/\/agora.xtec.cat\/escolalavilapalamos\/?p=14902"},"modified":"2024-10-22T09:49:11","modified_gmt":"2024-10-22T07:49:11","slug":"sortida-carbonera-i4-i-i5","status":"publish","type":"post","link":"https:\/\/agora.xtec.cat\/escolalavilapalamos\/general\/sortida-carbonera-i4-i-i5\/","title":{"rendered":"Sortida Carbonera I4 i I5"},"content":{"rendered":"<p>El dia 15 d&#8217;octubre els nens i nenes d&#8217;I4 i d&#8217;I5 vam anar d&#8217;excursi\u00f3 a la Carbonera de Forallac. All\u00e0 ens van explicar qu\u00e8 era una carbonera i vam con\u00e8ixer l&#8217;ofici del carboner. La sortida ens va permetre explorar el nostre entorn i vam tenir la sort de fer nous descobriments (no hav\u00edem vist mai la muda de pell d&#8217;una serp!). Ens ho vam passar molt b\u00e9 jugant i dinant tots plegats.<\/p>\n<p>Podeu veure el v\u00eddeo accedint <a href=\"https:\/\/agora.xtec.cat\/escolalavilapalamos\/general\/video-i-fotos-carbonera\/\">aqu\u00ed<\/a>.<\/p>\n<p>Podeu veure les fotos accedint <a href=\"https:\/\/agora.xtec.cat\/escolalavilapalamos\/general\/fotos-carbonera\/\">aqu\u00ed<\/a>.<\/p>\n<p><a href=\"https:\/\/agora.xtec.cat\/escolalavilapalamos\/wp-content\/uploads\/usu897\/2024\/10\/IMG_9710-scaled.jpg\"><img loading=\"lazy\" decoding=\"async\" class=\"wp-image-14923 aligncenter\" src=\"https:\/\/agora.xtec.cat\/escolalavilapalamos\/wp-content\/uploads\/usu897\/2024\/10\/IMG_9710-1024x576.jpg\" alt=\"\" width=\"588\" height=\"331\" srcset=\"https:\/\/agora.xtec.cat\/escolalavilapalamos\/wp-content\/uploads\/usu897\/2024\/10\/IMG_9710-1024x576.jpg 1024w, https:\/\/agora.xtec.cat\/escolalavilapalamos\/wp-content\/uploads\/usu897\/2024\/10\/IMG_9710-300x169.jpg 300w, https:\/\/agora.xtec.cat\/escolalavilapalamos\/wp-content\/uploads\/usu897\/2024\/10\/IMG_9710-768x432.jpg 768w, https:\/\/agora.xtec.cat\/escolalavilapalamos\/wp-content\/uploads\/usu897\/2024\/10\/IMG_9710-1536x864.jpg 1536w, https:\/\/agora.xtec.cat\/escolalavilapalamos\/wp-content\/uploads\/usu897\/2024\/10\/IMG_9710-2048x1152.jpg 2048w\" sizes=\"auto, (max-width: 588px) 100vw, 588px\" \/><\/a><\/p>\n<p>&nbsp;<\/p>\n<p>&nbsp;<\/p>\n<p>&nbsp;<\/p>\n<p>&nbsp;<\/p>\n","protected":false},"excerpt":{"rendered":"<p>El dia 15 d&#8217;octubre els nens i nenes d&#8217;I4 i d&#8217;I5 vam anar d&#8217;excursi\u00f3 a la Carbonera de Forallac. All\u00e0 ens van explicar qu\u00e8 era una carbonera i vam con\u00e8ixer l&#8217;ofici del carboner. La sortida ens va permetre explorar el nostre entorn i vam tenir&hellip;  <a href=\"https:\/\/agora.xtec.cat\/escolalavilapalamos\/general\/sortida-carbonera-i4-i-i5\/\" title=\"Read Sortida Carbonera I4 i I5\">Llegeix m\u00e9s\u00bb<\/a><\/p>\n","protected":false},"author":128,"featured_media":0,"comment_status":"open","ping_status":"closed","sticky":false,"template":"","format":"standard","meta":{"_bbp_topic_count":0,"_bbp_reply_count":0,"_bbp_total_topic_count":0,"_bbp_total_reply_count":0,"_bbp_voice_count":0,"_bbp_anonymous_reply_count":0,"_bbp_topic_count_hidden":0,"_bbp_reply_count_hidden":0,"_bbp_forum_subforum_count":0,"footnotes":""},"categories":[2,1,4],"tags":[],"class_list":["post-14902","post","type-post","status-publish","format-standard","hentry","category-infantil","category-general","category-portada"],"post_mailing_queue_ids":[],"_links":{"self":[{"href":"https:\/\/agora.xtec.cat\/escolalavilapalamos\/wp-json\/wp\/v2\/posts\/14902","targetHints":{"allow":["GET"]}}],"collection":[{"href":"https:\/\/agora.xtec.cat\/escolalavilapalamos\/wp-json\/wp\/v2\/posts"}],"about":[{"href":"https:\/\/agora.xtec.cat\/escolalavilapalamos\/wp-json\/wp\/v2\/types\/post"}],"author":[{"embeddable":true,"href":"https:\/\/agora.xtec.cat\/escolalavilapalamos\/wp-json\/wp\/v2\/users\/128"}],"replies":[{"embeddable":true,"href":"https:\/\/agora.xtec.cat\/escolalavilapalamos\/wp-json\/wp\/v2\/comments?post=14902"}],"version-history":[{"count":2,"href":"https:\/\/agora.xtec.cat\/escolalavilapalamos\/wp-json\/wp\/v2\/posts\/14902\/revisions"}],"predecessor-version":[{"id":14924,"href":"https:\/\/agora.xtec.cat\/escolalavilapalamos\/wp-json\/wp\/v2\/posts\/14902\/revisions\/14924"}],"wp:attachment":[{"href":"https:\/\/agora.xtec.cat\/escolalavilapalamos\/wp-json\/wp\/v2\/media?parent=14902"}],"wp:term":[{"taxonomy":"category","embeddable":true,"href":"https:\/\/agora.xtec.cat\/escolalavilapalamos\/wp-json\/wp\/v2\/categories?post=14902"},{"taxonomy":"post_tag","embeddable":true,"href":"https:\/\/agora.xtec.cat\/escolalavilapalamos\/wp-json\/wp\/v2\/tags?post=14902"}],"curies":[{"name":"wp","href":"https:\/\/api.w.org\/{rel}","templated":true}]}}