{"id":14894,"date":"2024-11-06T14:46:14","date_gmt":"2024-11-06T13:46:14","guid":{"rendered":"https:\/\/agora.xtec.cat\/escolalavilapalamos\/?p=14894"},"modified":"2024-11-06T14:47:42","modified_gmt":"2024-11-06T13:47:42","slug":"reunio-de-menjador","status":"publish","type":"post","link":"https:\/\/agora.xtec.cat\/escolalavilapalamos\/general\/reunio-de-menjador\/","title":{"rendered":"Reuni\u00f3 de menjador"},"content":{"rendered":"<p>&nbsp;<\/p>\n<p><a href=\"https:\/\/agora.xtec.cat\/escolalavilapalamos\/wp-content\/uploads\/usu897\/2024\/10\/menjador-reunio.jpg\"><img loading=\"lazy\" decoding=\"async\" class=\"alignleft size-full wp-image-14895\" src=\"https:\/\/agora.xtec.cat\/escolalavilapalamos\/wp-content\/uploads\/usu897\/2024\/10\/menjador-reunio.jpg\" alt=\"\" width=\"310\" height=\"163\" srcset=\"https:\/\/agora.xtec.cat\/escolalavilapalamos\/wp-content\/uploads\/usu897\/2024\/10\/menjador-reunio.jpg 310w, https:\/\/agora.xtec.cat\/escolalavilapalamos\/wp-content\/uploads\/usu897\/2024\/10\/menjador-reunio-300x158.jpg 300w\" sizes=\"auto, (max-width: 310px) 100vw, 310px\" \/><\/a><\/p>\n<p><strong>Dimarts 29 d&#8217;octubre a les 16h<\/strong> va tenir lloc la reuni\u00f3 informativa sobre el <strong>menjador escolar\u00a0<\/strong>.<\/p>\n<p>Totes les fam\u00edlies interessades van poder parlar directament amb la Judit Mercado (responsable de cuina), Francesca Moreno (responsable de monitoratge) i Pilar Ortega (Coordinadora del menjador), totes 3 responsables de l\u2019empresa AlimentArt.<\/p>\n<p>Es van poder resoldre dubtes sobre gramatges, varietats del men\u00fa, organitzaci\u00f3 del monitoratge i tamb\u00e9 es van donar resposta a algunes inquietuds que presentaven les fam\u00edlies assistents.<\/p>\n<p>Per a qualsevol dubte, incid\u00e8ncia o comentari, us deixem les adreces electr\u00f2niques on podeu adre\u00e7ar-vos.<\/p>\n<p>Judit Mercado (cuina): judit.mercado@alimentart.com<\/p>\n<p>Francesca Moreno (monitoratge): francesca.moreno@alimentart.com<\/p>\n<p>Tamb\u00e9 podeu posar en c\u00f2pia a: comissiomenjador@escolalavila.cat, escolalavilapalamos@xtec.cat i ensenyament@baixemporda.cat.<\/p>\n<p>Entre tots, seguirem vetllant pel bon funcionament d&#8217;aquest servei.<\/p>\n","protected":false},"excerpt":{"rendered":"<p>&nbsp;<br \/>\n<a href=\"https:\/\/agora.xtec.cat\/escolalavilapalamos\/wp-content\/uploads\/usu897\/2024\/10\/menjador-reunio.jpg\"><\/a><br \/>\nDimarts 29 d&#8217;octubre a les 16h va tenir lloc la reuni\u00f3 informativa sobre el menjador escolar\u00a0.<br \/>\nTotes les fam\u00edlies interessades van poder parlar directament amb la Judit Mercado (responsable de cuina), Francesca Moreno (responsable de monitoratge) i Pilar Ortega (Coordinadora del menjador), totes 3 responsables&hellip;  <a href=\"https:\/\/agora.xtec.cat\/escolalavilapalamos\/general\/reunio-de-menjador\/\" title=\"Read Reuni\u00f3 de menjador\">Llegeix m\u00e9s\u00bb<\/a><\/p>\n","protected":false},"author":1,"featured_media":0,"comment_status":"open","ping_status":"closed","sticky":false,"template":"","format":"standard","meta":{"_bbp_topic_count":0,"_bbp_reply_count":0,"_bbp_total_topic_count":0,"_bbp_total_reply_count":0,"_bbp_voice_count":0,"_bbp_anonymous_reply_count":0,"_bbp_topic_count_hidden":0,"_bbp_reply_count_hidden":0,"_bbp_forum_subforum_count":0,"footnotes":""},"categories":[1,4],"tags":[],"class_list":["post-14894","post","type-post","status-publish","format-standard","hentry","category-general","category-portada"],"post_mailing_queue_ids":[],"_links":{"self":[{"href":"https:\/\/agora.xtec.cat\/escolalavilapalamos\/wp-json\/wp\/v2\/posts\/14894","targetHints":{"allow":["GET"]}}],"collection":[{"href":"https:\/\/agora.xtec.cat\/escolalavilapalamos\/wp-json\/wp\/v2\/posts"}],"about":[{"href":"https:\/\/agora.xtec.cat\/escolalavilapalamos\/wp-json\/wp\/v2\/types\/post"}],"author":[{"embeddable":true,"href":"https:\/\/agora.xtec.cat\/escolalavilapalamos\/wp-json\/wp\/v2\/users\/1"}],"replies":[{"embeddable":true,"href":"https:\/\/agora.xtec.cat\/escolalavilapalamos\/wp-json\/wp\/v2\/comments?post=14894"}],"version-history":[{"count":6,"href":"https:\/\/agora.xtec.cat\/escolalavilapalamos\/wp-json\/wp\/v2\/posts\/14894\/revisions"}],"predecessor-version":[{"id":15010,"href":"https:\/\/agora.xtec.cat\/escolalavilapalamos\/wp-json\/wp\/v2\/posts\/14894\/revisions\/15010"}],"wp:attachment":[{"href":"https:\/\/agora.xtec.cat\/escolalavilapalamos\/wp-json\/wp\/v2\/media?parent=14894"}],"wp:term":[{"taxonomy":"category","embeddable":true,"href":"https:\/\/agora.xtec.cat\/escolalavilapalamos\/wp-json\/wp\/v2\/categories?post=14894"},{"taxonomy":"post_tag","embeddable":true,"href":"https:\/\/agora.xtec.cat\/escolalavilapalamos\/wp-json\/wp\/v2\/tags?post=14894"}],"curies":[{"name":"wp","href":"https:\/\/api.w.org\/{rel}","templated":true}]}}