{"id":14882,"date":"2024-10-15T16:04:08","date_gmt":"2024-10-15T14:04:08","guid":{"rendered":"https:\/\/agora.xtec.cat\/escolalavilapalamos\/?p=14882"},"modified":"2024-10-15T16:04:52","modified_gmt":"2024-10-15T14:04:52","slug":"comencem-el-viatgem-a-5e","status":"publish","type":"post","link":"https:\/\/agora.xtec.cat\/escolalavilapalamos\/general\/comencem-el-viatgem-a-5e\/","title":{"rendered":"Comencem el viatgem a 5\u00e8"},"content":{"rendered":"<p style=\"text-align: justify;\">A 5\u00e8, hem comen\u00e7at el nostre viatge per Espanya.<\/p>\n<p style=\"text-align: justify;\">Al llarg del curs recorrerem les diferents comunitats aut\u00f2nomes d&#8217;Espanya per descobrir alguns dels seus trets m\u00e9s caracter\u00edstics: gastronomia, tradicions, festes, art i fets hist\u00f2rics m\u00e9s rellevants, a banda de moltes curiositats que compartirem amb els companys i companyes.<\/p>\n<p style=\"text-align: justify;\">Amb aquesta activitat aprendrem com est\u00e0 organitzat Espanya per\u00f2 tamb\u00e9 haurem de saber comunicar a nivell oral i escrit la informaci\u00f3 de forma adequada i coherent.<\/p>\n<p style=\"text-align: justify;\">I com que el viatge ha comen\u00e7at, ja tenim les nostres maletes preparades. Aqu\u00ed teniu alguns\u00a0 exemples.<\/p>\n<p>&nbsp;<\/p>\n<p><a href=\"https:\/\/agora.xtec.cat\/escolalavilapalamos\/wp-content\/uploads\/usu897\/2024\/10\/1041bce0-e80f-41c8-8f74-617f28c78a9a-e1728915694916.jpg\"><img loading=\"lazy\" decoding=\"async\" class=\"wp-image-14888 alignnone\" src=\"https:\/\/agora.xtec.cat\/escolalavilapalamos\/wp-content\/uploads\/usu897\/2024\/10\/1041bce0-e80f-41c8-8f74-617f28c78a9a-e1728915694916.jpg\" alt=\"\" width=\"195\" height=\"146\" srcset=\"https:\/\/agora.xtec.cat\/escolalavilapalamos\/wp-content\/uploads\/usu897\/2024\/10\/1041bce0-e80f-41c8-8f74-617f28c78a9a-e1728915694916.jpg 1600w, https:\/\/agora.xtec.cat\/escolalavilapalamos\/wp-content\/uploads\/usu897\/2024\/10\/1041bce0-e80f-41c8-8f74-617f28c78a9a-e1728915694916-300x225.jpg 300w, https:\/\/agora.xtec.cat\/escolalavilapalamos\/wp-content\/uploads\/usu897\/2024\/10\/1041bce0-e80f-41c8-8f74-617f28c78a9a-e1728915694916-1024x768.jpg 1024w, https:\/\/agora.xtec.cat\/escolalavilapalamos\/wp-content\/uploads\/usu897\/2024\/10\/1041bce0-e80f-41c8-8f74-617f28c78a9a-e1728915694916-768x576.jpg 768w, https:\/\/agora.xtec.cat\/escolalavilapalamos\/wp-content\/uploads\/usu897\/2024\/10\/1041bce0-e80f-41c8-8f74-617f28c78a9a-e1728915694916-1536x1152.jpg 1536w, https:\/\/agora.xtec.cat\/escolalavilapalamos\/wp-content\/uploads\/usu897\/2024\/10\/1041bce0-e80f-41c8-8f74-617f28c78a9a-e1728915694916-200x150.jpg 200w\" sizes=\"auto, (max-width: 195px) 100vw, 195px\" \/>\u00a0 \u00a0 <\/a><a href=\"https:\/\/agora.xtec.cat\/escolalavilapalamos\/wp-content\/uploads\/usu897\/2024\/10\/78833bd6-d103-4d27-af18-4bd98324b04f-e1728915756239.jpg\"><img loading=\"lazy\" decoding=\"async\" class=\"wp-image-14889 alignnone\" src=\"https:\/\/agora.xtec.cat\/escolalavilapalamos\/wp-content\/uploads\/usu897\/2024\/10\/78833bd6-d103-4d27-af18-4bd98324b04f-e1728915756239.jpg\" alt=\"\" width=\"195\" height=\"146\" srcset=\"https:\/\/agora.xtec.cat\/escolalavilapalamos\/wp-content\/uploads\/usu897\/2024\/10\/78833bd6-d103-4d27-af18-4bd98324b04f-e1728915756239.jpg 1600w, https:\/\/agora.xtec.cat\/escolalavilapalamos\/wp-content\/uploads\/usu897\/2024\/10\/78833bd6-d103-4d27-af18-4bd98324b04f-e1728915756239-300x225.jpg 300w, https:\/\/agora.xtec.cat\/escolalavilapalamos\/wp-content\/uploads\/usu897\/2024\/10\/78833bd6-d103-4d27-af18-4bd98324b04f-e1728915756239-1024x768.jpg 1024w, https:\/\/agora.xtec.cat\/escolalavilapalamos\/wp-content\/uploads\/usu897\/2024\/10\/78833bd6-d103-4d27-af18-4bd98324b04f-e1728915756239-768x576.jpg 768w, https:\/\/agora.xtec.cat\/escolalavilapalamos\/wp-content\/uploads\/usu897\/2024\/10\/78833bd6-d103-4d27-af18-4bd98324b04f-e1728915756239-1536x1152.jpg 1536w, https:\/\/agora.xtec.cat\/escolalavilapalamos\/wp-content\/uploads\/usu897\/2024\/10\/78833bd6-d103-4d27-af18-4bd98324b04f-e1728915756239-200x150.jpg 200w\" sizes=\"auto, (max-width: 195px) 100vw, 195px\" \/><\/a><\/p>\n<p><a href=\"https:\/\/agora.xtec.cat\/escolalavilapalamos\/wp-content\/uploads\/usu897\/2024\/10\/0e65f694-8b7a-4969-88df-3b149abfa73b.jpg\"><img loading=\"lazy\" decoding=\"async\" class=\"wp-image-14887 alignnone\" src=\"https:\/\/agora.xtec.cat\/escolalavilapalamos\/wp-content\/uploads\/usu897\/2024\/10\/0e65f694-8b7a-4969-88df-3b149abfa73b.jpg\" alt=\"\" width=\"199\" height=\"150\" srcset=\"https:\/\/agora.xtec.cat\/escolalavilapalamos\/wp-content\/uploads\/usu897\/2024\/10\/0e65f694-8b7a-4969-88df-3b149abfa73b.jpg 1600w, https:\/\/agora.xtec.cat\/escolalavilapalamos\/wp-content\/uploads\/usu897\/2024\/10\/0e65f694-8b7a-4969-88df-3b149abfa73b-300x225.jpg 300w, https:\/\/agora.xtec.cat\/escolalavilapalamos\/wp-content\/uploads\/usu897\/2024\/10\/0e65f694-8b7a-4969-88df-3b149abfa73b-1024x768.jpg 1024w, https:\/\/agora.xtec.cat\/escolalavilapalamos\/wp-content\/uploads\/usu897\/2024\/10\/0e65f694-8b7a-4969-88df-3b149abfa73b-768x576.jpg 768w, https:\/\/agora.xtec.cat\/escolalavilapalamos\/wp-content\/uploads\/usu897\/2024\/10\/0e65f694-8b7a-4969-88df-3b149abfa73b-1536x1152.jpg 1536w, https:\/\/agora.xtec.cat\/escolalavilapalamos\/wp-content\/uploads\/usu897\/2024\/10\/0e65f694-8b7a-4969-88df-3b149abfa73b-200x150.jpg 200w\" sizes=\"auto, (max-width: 199px) 100vw, 199px\" \/>\u00a0 \u00a0<\/a><a href=\"https:\/\/agora.xtec.cat\/escolalavilapalamos\/wp-content\/uploads\/usu897\/2024\/10\/2a52642b-2f7e-4a7a-bb5d-53d3fb75ef7c.jpg\"><img loading=\"lazy\" decoding=\"async\" class=\"wp-image-14886 alignnone\" src=\"https:\/\/agora.xtec.cat\/escolalavilapalamos\/wp-content\/uploads\/usu897\/2024\/10\/2a52642b-2f7e-4a7a-bb5d-53d3fb75ef7c.jpg\" alt=\"\" width=\"198\" height=\"149\" srcset=\"https:\/\/agora.xtec.cat\/escolalavilapalamos\/wp-content\/uploads\/usu897\/2024\/10\/2a52642b-2f7e-4a7a-bb5d-53d3fb75ef7c.jpg 1600w, https:\/\/agora.xtec.cat\/escolalavilapalamos\/wp-content\/uploads\/usu897\/2024\/10\/2a52642b-2f7e-4a7a-bb5d-53d3fb75ef7c-300x225.jpg 300w, https:\/\/agora.xtec.cat\/escolalavilapalamos\/wp-content\/uploads\/usu897\/2024\/10\/2a52642b-2f7e-4a7a-bb5d-53d3fb75ef7c-1024x768.jpg 1024w, https:\/\/agora.xtec.cat\/escolalavilapalamos\/wp-content\/uploads\/usu897\/2024\/10\/2a52642b-2f7e-4a7a-bb5d-53d3fb75ef7c-768x576.jpg 768w, https:\/\/agora.xtec.cat\/escolalavilapalamos\/wp-content\/uploads\/usu897\/2024\/10\/2a52642b-2f7e-4a7a-bb5d-53d3fb75ef7c-1536x1152.jpg 1536w, https:\/\/agora.xtec.cat\/escolalavilapalamos\/wp-content\/uploads\/usu897\/2024\/10\/2a52642b-2f7e-4a7a-bb5d-53d3fb75ef7c-200x150.jpg 200w\" sizes=\"auto, (max-width: 198px) 100vw, 198px\" \/>\u00a0\u00a0<\/a><\/p>\n<p>&nbsp;<\/p>\n","protected":false},"excerpt":{"rendered":"<p>A 5\u00e8, hem comen\u00e7at el nostre viatge per Espanya.<br \/>\nAl llarg del curs recorrerem les diferents comunitats aut\u00f2nomes d&#8217;Espanya per descobrir alguns dels seus trets m\u00e9s caracter\u00edstics: gastronomia, tradicions, festes, art i fets hist\u00f2rics m\u00e9s rellevants, a banda de moltes curiositats que compartirem amb els companys&hellip;  <a href=\"https:\/\/agora.xtec.cat\/escolalavilapalamos\/general\/comencem-el-viatgem-a-5e\/\" title=\"Read Comencem el viatgem a 5\u00e8\">Llegeix m\u00e9s\u00bb<\/a><\/p>\n","protected":false},"author":132,"featured_media":14890,"comment_status":"open","ping_status":"closed","sticky":false,"template":"","format":"standard","meta":{"_bbp_topic_count":0,"_bbp_reply_count":0,"_bbp_total_topic_count":0,"_bbp_total_reply_count":0,"_bbp_voice_count":0,"_bbp_anonymous_reply_count":0,"_bbp_topic_count_hidden":0,"_bbp_reply_count_hidden":0,"_bbp_forum_subforum_count":0,"footnotes":""},"categories":[128,1,138,4,5],"tags":[],"class_list":["post-14882","post","type-post","status-publish","format-standard","has-post-thumbnail","hentry","category-comunitat-de-grans","category-general","category-notices-a-la-web","category-portada","category-primaria"],"post_mailing_queue_ids":[],"_links":{"self":[{"href":"https:\/\/agora.xtec.cat\/escolalavilapalamos\/wp-json\/wp\/v2\/posts\/14882","targetHints":{"allow":["GET"]}}],"collection":[{"href":"https:\/\/agora.xtec.cat\/escolalavilapalamos\/wp-json\/wp\/v2\/posts"}],"about":[{"href":"https:\/\/agora.xtec.cat\/escolalavilapalamos\/wp-json\/wp\/v2\/types\/post"}],"author":[{"embeddable":true,"href":"https:\/\/agora.xtec.cat\/escolalavilapalamos\/wp-json\/wp\/v2\/users\/132"}],"replies":[{"embeddable":true,"href":"https:\/\/agora.xtec.cat\/escolalavilapalamos\/wp-json\/wp\/v2\/comments?post=14882"}],"version-history":[{"count":6,"href":"https:\/\/agora.xtec.cat\/escolalavilapalamos\/wp-json\/wp\/v2\/posts\/14882\/revisions"}],"predecessor-version":[{"id":14899,"href":"https:\/\/agora.xtec.cat\/escolalavilapalamos\/wp-json\/wp\/v2\/posts\/14882\/revisions\/14899"}],"wp:featuredmedia":[{"embeddable":true,"href":"https:\/\/agora.xtec.cat\/escolalavilapalamos\/wp-json\/wp\/v2\/media\/14890"}],"wp:attachment":[{"href":"https:\/\/agora.xtec.cat\/escolalavilapalamos\/wp-json\/wp\/v2\/media?parent=14882"}],"wp:term":[{"taxonomy":"category","embeddable":true,"href":"https:\/\/agora.xtec.cat\/escolalavilapalamos\/wp-json\/wp\/v2\/categories?post=14882"},{"taxonomy":"post_tag","embeddable":true,"href":"https:\/\/agora.xtec.cat\/escolalavilapalamos\/wp-json\/wp\/v2\/tags?post=14882"}],"curies":[{"name":"wp","href":"https:\/\/api.w.org\/{rel}","templated":true}]}}