{"id":14874,"date":"2024-10-08T14:41:07","date_gmt":"2024-10-08T12:41:07","guid":{"rendered":"https:\/\/agora.xtec.cat\/escolalavilapalamos\/?p=14874"},"modified":"2024-10-08T14:41:08","modified_gmt":"2024-10-08T12:41:08","slug":"la-rotllana-a-i4","status":"publish","type":"post","link":"https:\/\/agora.xtec.cat\/escolalavilapalamos\/general\/la-rotllana-a-i4\/","title":{"rendered":"LA ROTLLANA A I4"},"content":{"rendered":"<p>Hola fam\u00edlies, us volem explicar el temps de rotllana i el que aix\u00f2 significa.<\/p>\n<p>Despr\u00e9s de l&#8217;entrada lenta a l&#8217;escola els infants trien les diferents propostes de joc lliure. Seguidament i despr\u00e9s de recollir els nens i les nenes, agafen el coix\u00ed i s&#8217;asseuen en rotllana per la rutina di\u00e0ria del bon dia. En aquesta rutina, hi ha un encarregat\/da que mitjan\u00e7ant diferents pictogrames (imatges), expliquen els h\u00e0bits del mat\u00ed. Cantem les can\u00e7ons del bon dia i dels dies de la setmana, mirem el calendari, el temps que fa i fem el treball de pr\u00e0xies.<\/p>\n<p>Per fomentar l&#8217;autonomia dels infants, seguim unes bases d&#8217;orientaci\u00f3 que treballem di\u00e0riament.<\/p>\n<p>Podeu veure les fotos accedint<a href=\"https:\/\/agora.xtec.cat\/escolalavilapalamos\/general\/fotos-rotllana-i4\/\"> aqu\u00ed.<\/a><\/p>\n<p><img loading=\"lazy\" decoding=\"async\" class=\"aligncenter size-medium wp-image-14876\" src=\"https:\/\/agora.xtec.cat\/escolalavilapalamos\/wp-content\/uploads\/usu897\/2024\/10\/rotllanaweb-300x239.jpg\" alt=\"\" width=\"300\" height=\"239\" srcset=\"https:\/\/agora.xtec.cat\/escolalavilapalamos\/wp-content\/uploads\/usu897\/2024\/10\/rotllanaweb-300x239.jpg 300w, https:\/\/agora.xtec.cat\/escolalavilapalamos\/wp-content\/uploads\/usu897\/2024\/10\/rotllanaweb-1024x816.jpg 1024w, https:\/\/agora.xtec.cat\/escolalavilapalamos\/wp-content\/uploads\/usu897\/2024\/10\/rotllanaweb-768x612.jpg 768w, https:\/\/agora.xtec.cat\/escolalavilapalamos\/wp-content\/uploads\/usu897\/2024\/10\/rotllanaweb-1536x1225.jpg 1536w, https:\/\/agora.xtec.cat\/escolalavilapalamos\/wp-content\/uploads\/usu897\/2024\/10\/rotllanaweb-2048x1633.jpg 2048w\" sizes=\"auto, (max-width: 300px) 100vw, 300px\" \/><\/p>\n<p>&nbsp;<\/p>\n","protected":false},"excerpt":{"rendered":"<p>Hola fam\u00edlies, us volem explicar el temps de rotllana i el que aix\u00f2 significa.<br \/>\nDespr\u00e9s de l&#8217;entrada lenta a l&#8217;escola els infants trien les diferents propostes de joc lliure. Seguidament i despr\u00e9s de recollir els nens i les nenes, agafen el coix\u00ed i s&#8217;asseuen en rotllana&hellip;  <a href=\"https:\/\/agora.xtec.cat\/escolalavilapalamos\/general\/la-rotllana-a-i4\/\" title=\"Read LA ROTLLANA A I4\">Llegeix m\u00e9s\u00bb<\/a><\/p>\n","protected":false},"author":128,"featured_media":0,"comment_status":"open","ping_status":"closed","sticky":false,"template":"","format":"standard","meta":{"_bbp_topic_count":0,"_bbp_reply_count":0,"_bbp_total_topic_count":0,"_bbp_total_reply_count":0,"_bbp_voice_count":0,"_bbp_anonymous_reply_count":0,"_bbp_topic_count_hidden":0,"_bbp_reply_count_hidden":0,"_bbp_forum_subforum_count":0,"footnotes":""},"categories":[2,1,4],"tags":[],"class_list":["post-14874","post","type-post","status-publish","format-standard","hentry","category-infantil","category-general","category-portada"],"post_mailing_queue_ids":[],"_links":{"self":[{"href":"https:\/\/agora.xtec.cat\/escolalavilapalamos\/wp-json\/wp\/v2\/posts\/14874","targetHints":{"allow":["GET"]}}],"collection":[{"href":"https:\/\/agora.xtec.cat\/escolalavilapalamos\/wp-json\/wp\/v2\/posts"}],"about":[{"href":"https:\/\/agora.xtec.cat\/escolalavilapalamos\/wp-json\/wp\/v2\/types\/post"}],"author":[{"embeddable":true,"href":"https:\/\/agora.xtec.cat\/escolalavilapalamos\/wp-json\/wp\/v2\/users\/128"}],"replies":[{"embeddable":true,"href":"https:\/\/agora.xtec.cat\/escolalavilapalamos\/wp-json\/wp\/v2\/comments?post=14874"}],"version-history":[{"count":2,"href":"https:\/\/agora.xtec.cat\/escolalavilapalamos\/wp-json\/wp\/v2\/posts\/14874\/revisions"}],"predecessor-version":[{"id":14880,"href":"https:\/\/agora.xtec.cat\/escolalavilapalamos\/wp-json\/wp\/v2\/posts\/14874\/revisions\/14880"}],"wp:attachment":[{"href":"https:\/\/agora.xtec.cat\/escolalavilapalamos\/wp-json\/wp\/v2\/media?parent=14874"}],"wp:term":[{"taxonomy":"category","embeddable":true,"href":"https:\/\/agora.xtec.cat\/escolalavilapalamos\/wp-json\/wp\/v2\/categories?post=14874"},{"taxonomy":"post_tag","embeddable":true,"href":"https:\/\/agora.xtec.cat\/escolalavilapalamos\/wp-json\/wp\/v2\/tags?post=14874"}],"curies":[{"name":"wp","href":"https:\/\/api.w.org\/{rel}","templated":true}]}}