{"id":14856,"date":"2024-10-04T11:49:28","date_gmt":"2024-10-04T09:49:28","guid":{"rendered":"https:\/\/agora.xtec.cat\/escolalavilapalamos\/?p=14856"},"modified":"2024-10-04T11:49:28","modified_gmt":"2024-10-04T09:49:28","slug":"adaptacio-a-i3-2","status":"publish","type":"post","link":"https:\/\/agora.xtec.cat\/escolalavilapalamos\/general\/adaptacio-a-i3-2\/","title":{"rendered":"ADAPTACI\u00d3 A I3"},"content":{"rendered":"<p>Aquest primer mes de setembre tots els nens i nenes de I3 han fet l&#8217;adaptaci\u00f3. Ens hem conegut uns amb els altres i hem creat els primers vincles.<\/p>\n<p>Aquestes setmanes hem comen\u00e7at a introduir h\u00e0bits d&#8217;higiene i rutines com treure i posar les sabates i recon\u00e8ixer els propis objectes personals com les crocs, la jaqueta, motxilla, etc&#8230;<\/p>\n<p>A l&#8217;aula, els nens i les nenes han apr\u00e8s a fer la rotllana amb els seus coixins. Des de la rotllana en hem desitjat un bon dia cantant la can\u00e7\u00f3 del &#8220;Bon dia&#8221; i tamb\u00e9 hem cantat la can\u00e7\u00f3 &#8220;Els dies de la setmana&#8221;. Aquestes dues can\u00e7ons agraden molt als infants. Us animem a cantar-les a casa tamb\u00e9!<\/p>\n<p>A trav\u00e9s del joc lliure i les diverses propostes obertes que el pati ofereix hem comen\u00e7at a descobrir la zona de la cuineta, la dels cotxes, el tobogan i la sorrera.<\/p>\n<p>Descobrint nous aprenentatges ens relacionem amb els companys i companyes i comencem a desenvolupar el nostre joc passant d&#8217;un joc solitari a un de m\u00e9s social.<\/p>\n<p>Amb moltes ganes de seguir aprenent junts i juntes.<\/p>\n<p>&nbsp;<\/p>\n<p>Podeu veure les fotos accedint <a href=\"https:\/\/agora.xtec.cat\/escolalavilapalamos\/general\/fotos-adaptacio-i3\/\">aqu\u00ed.<\/a><\/p>\n","protected":false},"excerpt":{"rendered":"<p>Aquest primer mes de setembre tots els nens i nenes de I3 han fet l&#8217;adaptaci\u00f3. Ens hem conegut uns amb els altres i hem creat els primers vincles.<br \/>\nAquestes setmanes hem comen\u00e7at a introduir h\u00e0bits d&#8217;higiene i rutines com treure i posar les sabates i recon\u00e8ixer&hellip;  <a href=\"https:\/\/agora.xtec.cat\/escolalavilapalamos\/general\/adaptacio-a-i3-2\/\" title=\"Read ADAPTACI\u00d3 A I3\">Llegeix m\u00e9s\u00bb<\/a><\/p>\n","protected":false},"author":128,"featured_media":0,"comment_status":"open","ping_status":"closed","sticky":false,"template":"","format":"standard","meta":{"_bbp_topic_count":0,"_bbp_reply_count":0,"_bbp_total_topic_count":0,"_bbp_total_reply_count":0,"_bbp_voice_count":0,"_bbp_anonymous_reply_count":0,"_bbp_topic_count_hidden":0,"_bbp_reply_count_hidden":0,"_bbp_forum_subforum_count":0,"footnotes":""},"categories":[2,1,4],"tags":[],"class_list":["post-14856","post","type-post","status-publish","format-standard","hentry","category-infantil","category-general","category-portada"],"post_mailing_queue_ids":[],"_links":{"self":[{"href":"https:\/\/agora.xtec.cat\/escolalavilapalamos\/wp-json\/wp\/v2\/posts\/14856","targetHints":{"allow":["GET"]}}],"collection":[{"href":"https:\/\/agora.xtec.cat\/escolalavilapalamos\/wp-json\/wp\/v2\/posts"}],"about":[{"href":"https:\/\/agora.xtec.cat\/escolalavilapalamos\/wp-json\/wp\/v2\/types\/post"}],"author":[{"embeddable":true,"href":"https:\/\/agora.xtec.cat\/escolalavilapalamos\/wp-json\/wp\/v2\/users\/128"}],"replies":[{"embeddable":true,"href":"https:\/\/agora.xtec.cat\/escolalavilapalamos\/wp-json\/wp\/v2\/comments?post=14856"}],"version-history":[{"count":2,"href":"https:\/\/agora.xtec.cat\/escolalavilapalamos\/wp-json\/wp\/v2\/posts\/14856\/revisions"}],"predecessor-version":[{"id":14871,"href":"https:\/\/agora.xtec.cat\/escolalavilapalamos\/wp-json\/wp\/v2\/posts\/14856\/revisions\/14871"}],"wp:attachment":[{"href":"https:\/\/agora.xtec.cat\/escolalavilapalamos\/wp-json\/wp\/v2\/media?parent=14856"}],"wp:term":[{"taxonomy":"category","embeddable":true,"href":"https:\/\/agora.xtec.cat\/escolalavilapalamos\/wp-json\/wp\/v2\/categories?post=14856"},{"taxonomy":"post_tag","embeddable":true,"href":"https:\/\/agora.xtec.cat\/escolalavilapalamos\/wp-json\/wp\/v2\/tags?post=14856"}],"curies":[{"name":"wp","href":"https:\/\/api.w.org\/{rel}","templated":true}]}}