{"id":14853,"date":"2024-10-04T09:00:57","date_gmt":"2024-10-04T07:00:57","guid":{"rendered":"https:\/\/agora.xtec.cat\/escolalavilapalamos\/?p=14853"},"modified":"2024-10-04T09:00:57","modified_gmt":"2024-10-04T07:00:57","slug":"visita-3d-al-refugi-antiaeri-de-lescola","status":"publish","type":"post","link":"https:\/\/agora.xtec.cat\/escolalavilapalamos\/general\/visita-3d-al-refugi-antiaeri-de-lescola\/","title":{"rendered":"Visita 3D al refugi antiaeri de l&#8217;escola"},"content":{"rendered":"<p>Aquesta setmana s&#8217;ha publicat a la plataforma <a href=\"https:\/\/patrimoni.gencat.cat\/es\/giravolt\">Giravolt<\/a>, de la Generalitat de Catalunya, el model 3D per fer la visita virtual al refugi antiaeri de la nostra escola; un refugi de la Guerra Civil espanyola i situat dins el nostre pati.<\/p>\n<p>La plataforma <a href=\"https:\/\/patrimoni.gencat.cat\/es\/giravolt\">Giravolt<\/a> promou l&#8217;escaneig 3D d&#8217;objectes i localitzacions a partir de la fotogrametria. Aquesta aplicaci\u00f3 permet visualitzar els espais interiors del refugi a una profunditat de 2,5 m per sota del pati.<\/p>\n<p>Com recordareu, els alumnes de 6\u00e8, quan \u00e9rem a 4t, vam observar que van venir a fer aquesta fotogrametria al pati del centre. A partir d&#8217;aqu\u00ed ens va donar peu a iniciar la nostra situaci\u00f3 d&#8217;aprenentatge: Qu\u00e8 \u00e9s un refugi antiaeri? Tot plegat va desembocar en l&#8217;exposici\u00f3 dels 90 anys de l&#8217;escola que es va dur a terme a inicis del curs passat. La recordeu?<\/p>\n<p><a href=\"https:\/\/agora.xtec.cat\/escolalavilapalamos\/wp-content\/uploads\/usu897\/2024\/10\/Fotogrametria.png\">\u00a0 \u00a0 \u00a0 \u00a0 <img loading=\"lazy\" decoding=\"async\" class=\"wp-image-14849 alignleft\" src=\"https:\/\/agora.xtec.cat\/escolalavilapalamos\/wp-content\/uploads\/usu897\/2024\/10\/Fotogrametria.png\" alt=\"\" width=\"262\" height=\"190\" srcset=\"https:\/\/agora.xtec.cat\/escolalavilapalamos\/wp-content\/uploads\/usu897\/2024\/10\/Fotogrametria.png 882w, https:\/\/agora.xtec.cat\/escolalavilapalamos\/wp-content\/uploads\/usu897\/2024\/10\/Fotogrametria-300x218.png 300w, https:\/\/agora.xtec.cat\/escolalavilapalamos\/wp-content\/uploads\/usu897\/2024\/10\/Fotogrametria-768x557.png 768w\" sizes=\"auto, (max-width: 262px) 100vw, 262px\" \/> <\/a><a href=\"https:\/\/agora.xtec.cat\/escolalavilapalamos\/wp-content\/uploads\/usu897\/2024\/10\/Captura-de-pantalla-2024-10-03-191142.png\"><img loading=\"lazy\" decoding=\"async\" class=\"alignnone wp-image-14850\" src=\"https:\/\/agora.xtec.cat\/escolalavilapalamos\/wp-content\/uploads\/usu897\/2024\/10\/Captura-de-pantalla-2024-10-03-191142.png\" alt=\"\" width=\"265\" height=\"200\" srcset=\"https:\/\/agora.xtec.cat\/escolalavilapalamos\/wp-content\/uploads\/usu897\/2024\/10\/Captura-de-pantalla-2024-10-03-191142.png 880w, https:\/\/agora.xtec.cat\/escolalavilapalamos\/wp-content\/uploads\/usu897\/2024\/10\/Captura-de-pantalla-2024-10-03-191142-300x226.png 300w, https:\/\/agora.xtec.cat\/escolalavilapalamos\/wp-content\/uploads\/usu897\/2024\/10\/Captura-de-pantalla-2024-10-03-191142-768x579.png 768w, https:\/\/agora.xtec.cat\/escolalavilapalamos\/wp-content\/uploads\/usu897\/2024\/10\/Captura-de-pantalla-2024-10-03-191142-200x150.png 200w\" sizes=\"auto, (max-width: 265px) 100vw, 265px\" \/><\/a><\/p>\n<p>A continuaci\u00f3 us adjuntem un v\u00eddeo del recorregut i just a sota podreu clicar sobre la reproducci\u00f3 3D del refugi on podreu navegar lliurement per dins. Ja que no hi podem entrar, \u00e9s una bona oportunitat per poder fer el recorregut. A m\u00e9s, mentre navegueu, veureu que hi ha explicacions sobre aquest i moltes curiositats! Endavant.<\/p>\n<div style=\"width: 1280px;\" class=\"wp-video\"><!--[if lt IE 9]><script>document.createElement('video');<\/script><![endif]-->\n<video class=\"wp-video-shortcode\" id=\"video-14853-1\" width=\"1280\" height=\"720\" preload=\"metadata\" controls=\"controls\"><source type=\"video\/mp4\" src=\"https:\/\/agora.xtec.cat\/escolalavilapalamos\/wp-content\/uploads\/usu897\/2024\/10\/No-video-title-fdown.net_.mp4?_=1\" \/><a href=\"https:\/\/agora.xtec.cat\/escolalavilapalamos\/wp-content\/uploads\/usu897\/2024\/10\/No-video-title-fdown.net_.mp4\">https:\/\/agora.xtec.cat\/escolalavilapalamos\/wp-content\/uploads\/usu897\/2024\/10\/No-video-title-fdown.net_.mp4<\/a><\/video><\/div>\n<p>&nbsp;<\/p>\n<p><strong>CLICA <a href=\"https:\/\/sketchfab.com\/models\/290ef46666284b309e3dba3a3f44ef70\/embed\">AQU\u00cd<\/a> PER FER LA VISITA VIRTUAL AL REGUFI ANTIAERI!<\/strong><\/p>\n<p>&nbsp;<\/p>\n","protected":false},"excerpt":{"rendered":"<p>Aquesta setmana s&#8217;ha publicat a la plataforma <a href=\"https:\/\/patrimoni.gencat.cat\/es\/giravolt\">Giravolt<\/a>, de la Generalitat de Catalunya, el model 3D per fer la visita virtual al refugi antiaeri de la nostra escola; un refugi de la Guerra Civil espanyola i situat dins el nostre pati.<br \/>\nLa plataforma <a href=\"https:\/\/patrimoni.gencat.cat\/es\/giravolt\">Giravolt<\/a>&hellip;  <a href=\"https:\/\/agora.xtec.cat\/escolalavilapalamos\/general\/visita-3d-al-refugi-antiaeri-de-lescola\/\" title=\"Read Visita 3D al refugi antiaeri de l&#8217;escola\">Llegeix m\u00e9s\u00bb<\/a><\/p>\n","protected":false},"author":132,"featured_media":0,"comment_status":"closed","ping_status":"closed","sticky":false,"template":"","format":"standard","meta":{"_bbp_topic_count":0,"_bbp_reply_count":0,"_bbp_total_topic_count":0,"_bbp_total_reply_count":0,"_bbp_voice_count":0,"_bbp_anonymous_reply_count":0,"_bbp_topic_count_hidden":0,"_bbp_reply_count_hidden":0,"_bbp_forum_subforum_count":0,"footnotes":""},"categories":[1,4,5],"tags":[],"class_list":["post-14853","post","type-post","status-publish","format-standard","hentry","category-general","category-portada","category-primaria"],"post_mailing_queue_ids":[],"_links":{"self":[{"href":"https:\/\/agora.xtec.cat\/escolalavilapalamos\/wp-json\/wp\/v2\/posts\/14853","targetHints":{"allow":["GET"]}}],"collection":[{"href":"https:\/\/agora.xtec.cat\/escolalavilapalamos\/wp-json\/wp\/v2\/posts"}],"about":[{"href":"https:\/\/agora.xtec.cat\/escolalavilapalamos\/wp-json\/wp\/v2\/types\/post"}],"author":[{"embeddable":true,"href":"https:\/\/agora.xtec.cat\/escolalavilapalamos\/wp-json\/wp\/v2\/users\/132"}],"replies":[{"embeddable":true,"href":"https:\/\/agora.xtec.cat\/escolalavilapalamos\/wp-json\/wp\/v2\/comments?post=14853"}],"version-history":[{"count":2,"href":"https:\/\/agora.xtec.cat\/escolalavilapalamos\/wp-json\/wp\/v2\/posts\/14853\/revisions"}],"predecessor-version":[{"id":14855,"href":"https:\/\/agora.xtec.cat\/escolalavilapalamos\/wp-json\/wp\/v2\/posts\/14853\/revisions\/14855"}],"wp:attachment":[{"href":"https:\/\/agora.xtec.cat\/escolalavilapalamos\/wp-json\/wp\/v2\/media?parent=14853"}],"wp:term":[{"taxonomy":"category","embeddable":true,"href":"https:\/\/agora.xtec.cat\/escolalavilapalamos\/wp-json\/wp\/v2\/categories?post=14853"},{"taxonomy":"post_tag","embeddable":true,"href":"https:\/\/agora.xtec.cat\/escolalavilapalamos\/wp-json\/wp\/v2\/tags?post=14853"}],"curies":[{"name":"wp","href":"https:\/\/api.w.org\/{rel}","templated":true}]}}