{"id":14835,"date":"2024-10-04T08:52:28","date_gmt":"2024-10-04T06:52:28","guid":{"rendered":"https:\/\/agora.xtec.cat\/escolalavilapalamos\/?p=14835"},"modified":"2024-10-04T08:59:01","modified_gmt":"2024-10-04T06:59:01","slug":"1r-projecte-families","status":"publish","type":"post","link":"https:\/\/agora.xtec.cat\/escolalavilapalamos\/general\/1r-projecte-families\/","title":{"rendered":"1R PROJECTE FAM\u00cdLIES"},"content":{"rendered":"<p><span style=\"font-weight: 400;\">Els nens i nenes de 1r hem iniciat el projecte \u201cTots som iguals?\u201d. Vam comen\u00e7ar fent un dibuix de la nostra simetria, vam parlar sobre els aspectes que ens fan diferents\u2026 Perqu\u00e8 tinc els ulls blaus? Tots tenim el mateix color de pell? Vam estar reflexionant i ens vam adonar que cadasc\u00fa \u00e9s aix\u00ed perqu\u00e8 s\u2019assembla a la seva fam\u00edlia.\u00a0<\/span><\/p>\n<p><span style=\"font-weight: 400;\">A partir d\u2019aqu\u00ed, hem comen\u00e7at a investigar sobre l\u2019entorn que ens envolta, quina edat tenen els avis? com es diuen? Tamb\u00e9 hem pogut realitzar un dibuix sobre la nostra fam\u00edlia, aprendre quina tipologia de fam\u00edlies hi ha, poder-les representar mitjan\u00e7ant unes maquetes amb plastilina\u2026 Mica en mica anem teixint tots junts aquests aprenentatges!\u00a0<\/span><\/p>\n<p><span style=\"font-weight: 400;\">La setmana vinent, iniciarem la proposta \u201cSoc el protagonista\u201d. Cada setmana hi haur\u00e0 un infant que podr\u00e0 portar fotografies des de quan era petit fins ara, compartir amb nosaltres els jocs que m\u00e9s li agraden\u2026 i a finals de setmana convidarem a la fam\u00edlia a que vingui a la nostra aula, per poder passar una estona plegats.<\/span><\/p>\n<p>Podeu veure les fotos accedint<a href=\"https:\/\/agora.xtec.cat\/escolalavilapalamos\/general\/fotos-projecte-families\/\"> aqu\u00ed<\/a><\/p>\n<p><a href=\"https:\/\/agora.xtec.cat\/escolalavilapalamos\/wp-content\/uploads\/usu897\/2024\/10\/FOTO-1r.jpeg\"><img loading=\"lazy\" decoding=\"async\" class=\"size-medium wp-image-14861 aligncenter\" src=\"https:\/\/agora.xtec.cat\/escolalavilapalamos\/wp-content\/uploads\/usu897\/2024\/10\/FOTO-1r-300x225.jpeg\" alt=\"\" width=\"300\" height=\"225\" srcset=\"https:\/\/agora.xtec.cat\/escolalavilapalamos\/wp-content\/uploads\/usu897\/2024\/10\/FOTO-1r-300x225.jpeg 300w, https:\/\/agora.xtec.cat\/escolalavilapalamos\/wp-content\/uploads\/usu897\/2024\/10\/FOTO-1r-768x576.jpeg 768w, https:\/\/agora.xtec.cat\/escolalavilapalamos\/wp-content\/uploads\/usu897\/2024\/10\/FOTO-1r-200x150.jpeg 200w, https:\/\/agora.xtec.cat\/escolalavilapalamos\/wp-content\/uploads\/usu897\/2024\/10\/FOTO-1r.jpeg 1024w\" sizes=\"auto, (max-width: 300px) 100vw, 300px\" \/><\/a><\/p>\n<p>&nbsp;<\/p>\n","protected":false},"excerpt":{"rendered":"<p>Els nens i nenes de 1r hem iniciat el projecte \u201cTots som iguals?\u201d. Vam comen\u00e7ar fent un dibuix de la nostra simetria, vam parlar sobre els aspectes que ens fan diferents\u2026 Perqu\u00e8 tinc els ulls blaus? Tots tenim el mateix color de pell? Vam estar&hellip;  <a href=\"https:\/\/agora.xtec.cat\/escolalavilapalamos\/general\/1r-projecte-families\/\" title=\"Read 1R PROJECTE FAM\u00cdLIES\">Llegeix m\u00e9s\u00bb<\/a><\/p>\n","protected":false},"author":131,"featured_media":0,"comment_status":"open","ping_status":"closed","sticky":false,"template":"","format":"standard","meta":{"_bbp_topic_count":0,"_bbp_reply_count":0,"_bbp_total_topic_count":0,"_bbp_total_reply_count":0,"_bbp_voice_count":0,"_bbp_anonymous_reply_count":0,"_bbp_topic_count_hidden":0,"_bbp_reply_count_hidden":0,"_bbp_forum_subforum_count":0,"footnotes":""},"categories":[127,1,4],"tags":[],"class_list":["post-14835","post","type-post","status-publish","format-standard","hentry","category-comunitat-de-mitjans","category-general","category-portada"],"post_mailing_queue_ids":[],"_links":{"self":[{"href":"https:\/\/agora.xtec.cat\/escolalavilapalamos\/wp-json\/wp\/v2\/posts\/14835","targetHints":{"allow":["GET"]}}],"collection":[{"href":"https:\/\/agora.xtec.cat\/escolalavilapalamos\/wp-json\/wp\/v2\/posts"}],"about":[{"href":"https:\/\/agora.xtec.cat\/escolalavilapalamos\/wp-json\/wp\/v2\/types\/post"}],"author":[{"embeddable":true,"href":"https:\/\/agora.xtec.cat\/escolalavilapalamos\/wp-json\/wp\/v2\/users\/131"}],"replies":[{"embeddable":true,"href":"https:\/\/agora.xtec.cat\/escolalavilapalamos\/wp-json\/wp\/v2\/comments?post=14835"}],"version-history":[{"count":6,"href":"https:\/\/agora.xtec.cat\/escolalavilapalamos\/wp-json\/wp\/v2\/posts\/14835\/revisions"}],"predecessor-version":[{"id":14869,"href":"https:\/\/agora.xtec.cat\/escolalavilapalamos\/wp-json\/wp\/v2\/posts\/14835\/revisions\/14869"}],"wp:attachment":[{"href":"https:\/\/agora.xtec.cat\/escolalavilapalamos\/wp-json\/wp\/v2\/media?parent=14835"}],"wp:term":[{"taxonomy":"category","embeddable":true,"href":"https:\/\/agora.xtec.cat\/escolalavilapalamos\/wp-json\/wp\/v2\/categories?post=14835"},{"taxonomy":"post_tag","embeddable":true,"href":"https:\/\/agora.xtec.cat\/escolalavilapalamos\/wp-json\/wp\/v2\/tags?post=14835"}],"curies":[{"name":"wp","href":"https:\/\/api.w.org\/{rel}","templated":true}]}}