{"id":14819,"date":"2024-09-20T10:07:27","date_gmt":"2024-09-20T08:07:27","guid":{"rendered":"https:\/\/agora.xtec.cat\/escolalavilapalamos\/?p=14819"},"modified":"2024-09-20T10:07:27","modified_gmt":"2024-09-20T08:07:27","slug":"campanya-de-vacunacio-a-6e","status":"publish","type":"post","link":"https:\/\/agora.xtec.cat\/escolalavilapalamos\/general\/campanya-de-vacunacio-a-6e\/","title":{"rendered":"Campanya de vacunaci\u00f3 a 6\u00e8"},"content":{"rendered":"<p><a href=\"https:\/\/agora.xtec.cat\/escolalavilapalamos\/wp-content\/uploads\/usu897\/2024\/09\/vacunes.png\"><img loading=\"lazy\" decoding=\"async\" class=\"wp-image-14820 alignleft\" src=\"https:\/\/agora.xtec.cat\/escolalavilapalamos\/wp-content\/uploads\/usu897\/2024\/09\/vacunes.png\" alt=\"\" width=\"269\" height=\"179\" \/><\/a>Ja s&#8217;ha iniciat la campanya de vacunaci\u00f3 a les escoles . Properament, vindran del CAP de Palam\u00f3s a posar\u00a0 les vacunes als nois i noies de 6\u00e8. Hauran de portar el carnet de vacunes el dia de la vacunaci\u00f3, (rebreu informaci\u00f3 sobre el dia exacte en els propers dies).<\/p>\n<p>Cal retornar l&#8217;autoritzaci\u00f3 signada abans del <strong>dimecres 25 de setembre.<\/strong><\/p>\n<p>El Departament de Salut administrar\u00e0 les vacunes seg\u00fcents:<\/p>\n<p>&#8211; <strong>Vacuna contra el virus del papil\u00b7loma hum\u00e0 (vacuna VPH)<\/strong>: a partir d\u2019aquest curs escolar, la<br \/>\npauta de vacunaci\u00f3 passa a ser de dues dosis a una \u00fanica dosi tant en nens com en nenes.<\/p>\n<p>&#8211;<strong> Vacuna contra la dift\u00e8ria, el t\u00e8tanus i la tos ferina (dTpa)<\/strong>: una \u00fanica dosi de record.<\/p>\n<p>&#8211; <strong>Vacuna antimeningoc\u00f2ccica conjugada tetravalent (vacuna MACWY)<\/strong>, en una \u00fanica dosi<br \/>\nals nens i nenes si no l\u2019han rebut despr\u00e9s dels 10 anys, i independentment de les dosis<br \/>\nadministrades de la vacuna contra el meningococ C conjugada (vacuna MC).<\/p>\n<p>&#8211; <strong>Vacuna contra l\u2019hepatitis A (vacuna HA)<\/strong>, en una \u00fanica dosi en el cas que el nen o nena<a href=\"https:\/\/agora.xtec.cat\/escolalavilapalamos\/wp-content\/uploads\/usu897\/2024\/09\/brac-vacuna.png\"><img loading=\"lazy\" decoding=\"async\" class=\" wp-image-14824 alignright\" src=\"https:\/\/agora.xtec.cat\/escolalavilapalamos\/wp-content\/uploads\/usu897\/2024\/09\/brac-vacuna.png\" alt=\"\" width=\"221\" height=\"221\" srcset=\"https:\/\/agora.xtec.cat\/escolalavilapalamos\/wp-content\/uploads\/usu897\/2024\/09\/brac-vacuna.png 225w, https:\/\/agora.xtec.cat\/escolalavilapalamos\/wp-content\/uploads\/usu897\/2024\/09\/brac-vacuna-150x150.png 150w\" sizes=\"auto, (max-width: 221px) 100vw, 221px\" \/><\/a><br \/>\nestigui vacunat\/ada amb una dosi anterior. Als infants que no hagin rebut cap dosi de la<br \/>\nvacuna anteriorment o no hagin passat la malaltia, se\u2019ls administraran dues dosis: la<br \/>\nprimera al centre educatiu i la segona, al CAP.<\/p>\n<p>&#8211; <strong>Vacuna contra la varicel\u00b7la (vacuna V),<\/strong> en una \u00fanica dosi en el cas que el nen o nena estigui<br \/>\nvacunat\/ada amb una dosi anterior. Als infants que no hagin rebut cap dosi de la vacuna<br \/>\nanteriorment o no hagin passat la malaltia, se\u2019ls administraran dues dosis: la primera al<br \/>\ncentre educatiu i la segona, al CAP.<\/p>\n<p><a href=\"https:\/\/drive.google.com\/file\/d\/1chq8Kyh7r_cCqKJoCAXNJORIqEiEhm3b\/view?usp=drive_link\">Autoritzaci\u00f3 per l\u2019administraci\u00f3 de la vacuna a l\u2019escola<\/a><\/p>\n<p><a href=\"https:\/\/drive.google.com\/file\/d\/1RyPtvai_rPtyAUgAA5d6oyc1ZxsXV2fR\/view?usp=drive_link\">Circular de Salut<\/a><\/p>\n<p>Per a m\u00e9s informaci\u00f3 podeu consultar el\u00a0<a href=\"https:\/\/canalsalut.gencat.cat\/ca\/salut-a-z\/v\/vacunacions\/\">Canal Salut del Departament de Salut\u00a0<\/a>o trucar al tel\u00e8fon 061 del CatSalut Respon.<\/p>\n<p>Us agra\u00efm per endavant la vostra col\u00b7laboraci\u00f3.\u00a0<a href=\"https:\/\/drive.google.com\/file\/d\/1HJT1vbpv34CJ-E_bYVInyA0AJAsJ6MvP\/view?usp=sharing\">Informaci\u00f3 del Departament de Salut<\/a><\/p>\n","protected":false},"excerpt":{"rendered":"<p><a href=\"https:\/\/agora.xtec.cat\/escolalavilapalamos\/wp-content\/uploads\/usu897\/2024\/09\/vacunes.png\"><\/a>Ja s&#8217;ha iniciat la campanya de vacunaci\u00f3 a les escoles . Properament, vindran del CAP de Palam\u00f3s a posar\u00a0 les vacunes als nois i noies de 6\u00e8. Hauran de portar el carnet de vacunes el dia de la vacunaci\u00f3, (rebreu informaci\u00f3 sobre el dia&hellip;  <a href=\"https:\/\/agora.xtec.cat\/escolalavilapalamos\/general\/campanya-de-vacunacio-a-6e\/\" title=\"Read Campanya de vacunaci\u00f3 a 6\u00e8\">Llegeix m\u00e9s\u00bb<\/a><\/p>\n","protected":false},"author":1,"featured_media":0,"comment_status":"open","ping_status":"closed","sticky":false,"template":"","format":"standard","meta":{"_bbp_topic_count":0,"_bbp_reply_count":0,"_bbp_total_topic_count":0,"_bbp_total_reply_count":0,"_bbp_voice_count":0,"_bbp_anonymous_reply_count":0,"_bbp_topic_count_hidden":0,"_bbp_reply_count_hidden":0,"_bbp_forum_subforum_count":0,"footnotes":""},"categories":[1,4,5],"tags":[],"class_list":["post-14819","post","type-post","status-publish","format-standard","hentry","category-general","category-portada","category-primaria"],"post_mailing_queue_ids":[],"_links":{"self":[{"href":"https:\/\/agora.xtec.cat\/escolalavilapalamos\/wp-json\/wp\/v2\/posts\/14819","targetHints":{"allow":["GET"]}}],"collection":[{"href":"https:\/\/agora.xtec.cat\/escolalavilapalamos\/wp-json\/wp\/v2\/posts"}],"about":[{"href":"https:\/\/agora.xtec.cat\/escolalavilapalamos\/wp-json\/wp\/v2\/types\/post"}],"author":[{"embeddable":true,"href":"https:\/\/agora.xtec.cat\/escolalavilapalamos\/wp-json\/wp\/v2\/users\/1"}],"replies":[{"embeddable":true,"href":"https:\/\/agora.xtec.cat\/escolalavilapalamos\/wp-json\/wp\/v2\/comments?post=14819"}],"version-history":[{"count":6,"href":"https:\/\/agora.xtec.cat\/escolalavilapalamos\/wp-json\/wp\/v2\/posts\/14819\/revisions"}],"predecessor-version":[{"id":14828,"href":"https:\/\/agora.xtec.cat\/escolalavilapalamos\/wp-json\/wp\/v2\/posts\/14819\/revisions\/14828"}],"wp:attachment":[{"href":"https:\/\/agora.xtec.cat\/escolalavilapalamos\/wp-json\/wp\/v2\/media?parent=14819"}],"wp:term":[{"taxonomy":"category","embeddable":true,"href":"https:\/\/agora.xtec.cat\/escolalavilapalamos\/wp-json\/wp\/v2\/categories?post=14819"},{"taxonomy":"post_tag","embeddable":true,"href":"https:\/\/agora.xtec.cat\/escolalavilapalamos\/wp-json\/wp\/v2\/tags?post=14819"}],"curies":[{"name":"wp","href":"https:\/\/api.w.org\/{rel}","templated":true}]}}